{"id":64568,"date":"2022-06-04T07:11:57","date_gmt":"2022-06-04T06:11:57","guid":{"rendered":"https:\/\/rna.ao\/rna.ao\/?p=64568"},"modified":"2022-06-04T07:49:19","modified_gmt":"2022-06-04T06:49:19","slug":"eleicoes-gerais-partidos-politicos-legalizados-consideram-consensual-a-data-proposta-pelo-pr","status":"publish","type":"post","link":"https:\/\/rna.ao\/rna.ao\/2022\/06\/04\/eleicoes-gerais-partidos-politicos-legalizados-consideram-consensual-a-data-proposta-pelo-pr\/","title":{"rendered":"Elei\u00e7\u00f5es Gerais: Partidos pol\u00edticos legalizados consideram consensual a data proposta pelo PR"},"content":{"rendered":"<p><img loading=\"lazy\" class=\"size-full wp-image-64570 alignleft\" src=\"https:\/\/rna.ao\/rna.ao\/wp-content\/uploads\/2022\/06\/Urna-de-Voto.jpg\" alt=\"\" width=\"300\" height=\"168\" \/>Os partidos pol\u00edticos legalizados defendem que, feita a convoca\u00e7\u00e3o das Elei\u00e7\u00f5es Gerais no pa\u00eds, marcadas para 24 de Agosto, urge a necessidade de se prepararem para a disputa eleitoral. Em debate promovido pela RNA, \u00e0 prop\u00f3sito do an\u00fancio da data das elei\u00e7\u00f5es, os representantes do Partido NJANGO, APN e o Partido Humanista de Angola, sublinham que a data proposta pelo Presidente da Rep\u00fablica \u00e9 consensual. Clique, no \u00e1udio abaixo, e ou\u00e7a o jornalista Francisco Pedro com mais desenvolvimento:<\/p>\n\t<div class=\"qtmplayer-playlist-large\">\n\t\t<ul class=\"qtmplayer-playlist\">\n\t\t\t\n\t\t\t\t\t<li class=\"qtmplayer-trackitem\">\n\t\t<img src=\"https:\/\/rna.ao\/rna.ao\/wp-content\/uploads\/2022\/06\/Urna-de-Voto-100x100.jpg\" alt=\"cover\">\t\t<span \t\t\tdata-qtmplayer-cover=\"https:\/\/rna.ao\/rna.ao\/wp-content\/uploads\/2022\/06\/Urna-de-Voto.jpg\"\n\t\t\t\t\t\tdata-qtmplayer-file=\"https:\/\/rna.ao\/rna.ao\/wp-content\/uploads\/2022\/06\/FRANCISCO-PEDRO-07-HRS.mp3\"\n\t\t\t\t\t\tdata-qtmplayer-title=\"Elei\u00e7\u00f5es Gerais: Partidos pol\u00edticos legalizados consideram consensual a data proposta pelo PR\"\n\t\t\t\t\t\tdata-qtmplayer-artist=\"RNA\"\n\t\t\t\t\t\tdata-qtmplayer-link=\"https:\/\/rna.ao\/rna.ao\/2022\/06\/04\/eleicoes-gerais-partidos-politicos-legalizados-consideram-consensual-a-data-proposta-pelo-pr\/\"\n\t\t\t\t\t\tdata-qtmplayer-icon=\"file_download\"\n\t\t\t\t\t\tdata-qtmplayer-type=\"track\"\n\t\t\t class=\"qtmplayer-play qtmplayer-link-sec qtmplayer-play-btn\"><i class='material-icons'>play_arrow<\/i><\/span>\n\t\t<p>\n\t\t\t<span class=\"qtmplayer-tit\">Elei\u00e7\u00f5es Gerais: Partidos pol\u00edticos legalizados consideram consensual a data proposta pelo PR<\/span>\n\t\t\t<span class=\"qtmplayer-art\">RNA<\/span>\n\t\t<\/p>\n\t<\/li>\n\t\t<\/ul>\n\t<\/div>\t\t\t\n\t\n<p>Fonte: RNA<\/p>\n","protected":false},"excerpt":{"rendered":"<p>Os partidos pol\u00edticos legalizados defendem que, feita a convoca\u00e7\u00e3o das Elei\u00e7\u00f5es Gerais no pa\u00eds, marcadas para 24 de Agosto, urge a necessidade de se prepararem para a disputa eleitoral. Em debate promovido pela RNA, \u00e0 prop\u00f3sito do an\u00fancio da data das elei\u00e7\u00f5es, os representantes do Partido NJANGO, APN e o ...<\/p>\n","protected":false},"author":8,"featured_media":64570,"comment_status":"closed","ping_status":"closed","sticky":false,"template":"","format":"standard","meta":[],"categories":[121,163],"tags":[],"_links":{"self":[{"href":"https:\/\/rna.ao\/rna.ao\/wp-json\/wp\/v2\/posts\/64568"}],"collection":[{"href":"https:\/\/rna.ao\/rna.ao\/wp-json\/wp\/v2\/posts"}],"about":[{"href":"https:\/\/rna.ao\/rna.ao\/wp-json\/wp\/v2\/types\/post"}],"author":[{"embeddable":true,"href":"https:\/\/rna.ao\/rna.ao\/wp-json\/wp\/v2\/users\/8"}],"replies":[{"embeddable":true,"href":"https:\/\/rna.ao\/rna.ao\/wp-json\/wp\/v2\/comments?post=64568"}],"version-history":[{"count":2,"href":"https:\/\/rna.ao\/rna.ao\/wp-json\/wp\/v2\/posts\/64568\/revisions"}],"predecessor-version":[{"id":64574,"href":"https:\/\/rna.ao\/rna.ao\/wp-json\/wp\/v2\/posts\/64568\/revisions\/64574"}],"wp:featuredmedia":[{"embeddable":true,"href":"https:\/\/rna.ao\/rna.ao\/wp-json\/wp\/v2\/media\/64570"}],"wp:attachment":[{"href":"https:\/\/rna.ao\/rna.ao\/wp-json\/wp\/v2\/media?parent=64568"}],"wp:term":[{"taxonomy":"category","embeddable":true,"href":"https:\/\/rna.ao\/rna.ao\/wp-json\/wp\/v2\/categories?post=64568"},{"taxonomy":"post_tag","embeddable":true,"href":"https:\/\/rna.ao\/rna.ao\/wp-json\/wp\/v2\/tags?post=64568"}],"curies":[{"name":"wp","href":"https:\/\/api.w.org\/{rel}","templated":true}]}}