{"id":64564,"date":"2022-06-04T07:10:50","date_gmt":"2022-06-04T06:10:50","guid":{"rendered":"https:\/\/rna.ao\/rna.ao\/?p=64564"},"modified":"2022-06-04T07:27:25","modified_gmt":"2022-06-04T06:27:25","slug":"estao-criadas-as-condicoes-para-o-financiamento-publico-para-a-campanha-eleitoral-joao-lourenco","status":"publish","type":"post","link":"https:\/\/rna.ao\/rna.ao\/2022\/06\/04\/estao-criadas-as-condicoes-para-o-financiamento-publico-para-a-campanha-eleitoral-joao-lourenco\/","title":{"rendered":"&#8220;Est\u00e3o criadas as condi\u00e7\u00f5es para o financiamento p\u00fablico para a campanha eleitoral&#8221;, Jo\u00e3o Louren\u00e7o"},"content":{"rendered":"<p><img loading=\"lazy\" class=\"size-full wp-image-64566 alignleft\" src=\"https:\/\/rna.ao\/rna.ao\/wp-content\/uploads\/2022\/06\/Joao-Lourenco-JLO-PR.jpg\" alt=\"\" width=\"288\" height=\"192\" \/>O Chefe de Estado angolano, Jo\u00e3o Louren\u00e7o, informou que est\u00e3o criadas as condi\u00e7\u00f5es para o financiamento p\u00fablico, para a campanha eleitoral, cuja atribui\u00e7\u00e3o est\u00e1 dependente da valida\u00e7\u00e3o das candidaturas pelo Tribunal Constitucional. Clique no \u00e1udio e ou\u00e7a:<\/p>\n\t<div class=\"qtmplayer-playlist-large\">\n\t\t<ul class=\"qtmplayer-playlist\">\n\t\t\t\n\t\t\t\t\t<li class=\"qtmplayer-trackitem\">\n\t\t<img src=\"https:\/\/rna.ao\/rna.ao\/wp-content\/uploads\/2022\/06\/Joao-Lourenco-JLO-PR-100x100.jpg\" alt=\"cover\">\t\t<span \t\t\tdata-qtmplayer-cover=\"https:\/\/rna.ao\/rna.ao\/wp-content\/uploads\/2022\/06\/Joao-Lourenco-JLO-PR.jpg\"\n\t\t\t\t\t\tdata-qtmplayer-file=\"https:\/\/rna.ao\/rna.ao\/wp-content\/uploads\/2022\/06\/JOAO-LOURENCO-07-HRS.mp3\"\n\t\t\t\t\t\tdata-qtmplayer-title=\"&#8220;Est\u00e3o criadas as condi\u00e7\u00f5es para o financiamento p\u00fablico para a campanha eleitoral&#8221;, Jo\u00e3o Louren\u00e7o\"\n\t\t\t\t\t\tdata-qtmplayer-artist=\"RNA\"\n\t\t\t\t\t\tdata-qtmplayer-link=\"https:\/\/rna.ao\/rna.ao\/2022\/06\/04\/estao-criadas-as-condicoes-para-o-financiamento-publico-para-a-campanha-eleitoral-joao-lourenco\/\"\n\t\t\t\t\t\tdata-qtmplayer-icon=\"file_download\"\n\t\t\t\t\t\tdata-qtmplayer-type=\"track\"\n\t\t\t class=\"qtmplayer-play qtmplayer-link-sec qtmplayer-play-btn\"><i class='material-icons'>play_arrow<\/i><\/span>\n\t\t<p>\n\t\t\t<span class=\"qtmplayer-tit\">&#8220;Est\u00e3o criadas as condi\u00e7\u00f5es para o financiamento p\u00fablico para a campanha eleitoral&#8221;, Jo\u00e3o Louren\u00e7o<\/span>\n\t\t\t<span class=\"qtmplayer-art\">RNA<\/span>\n\t\t<\/p>\n\t<\/li>\n\t\t<\/ul>\n\t<\/div>\t\t\t\n\t\n<p>Fonte: RNA<\/p>\n","protected":false},"excerpt":{"rendered":"<p>O Chefe de Estado angolano, Jo\u00e3o Louren\u00e7o, informou que est\u00e3o criadas as condi\u00e7\u00f5es para o financiamento p\u00fablico, para a campanha eleitoral, cuja atribui\u00e7\u00e3o est\u00e1 dependente da valida\u00e7\u00e3o das candidaturas pelo Tribunal Constitucional. Clique no \u00e1udio e ou\u00e7a: Fonte: RNA<\/p>\n","protected":false},"author":8,"featured_media":64566,"comment_status":"closed","ping_status":"closed","sticky":false,"template":"","format":"standard","meta":[],"categories":[121,163],"tags":[],"_links":{"self":[{"href":"https:\/\/rna.ao\/rna.ao\/wp-json\/wp\/v2\/posts\/64564"}],"collection":[{"href":"https:\/\/rna.ao\/rna.ao\/wp-json\/wp\/v2\/posts"}],"about":[{"href":"https:\/\/rna.ao\/rna.ao\/wp-json\/wp\/v2\/types\/post"}],"author":[{"embeddable":true,"href":"https:\/\/rna.ao\/rna.ao\/wp-json\/wp\/v2\/users\/8"}],"replies":[{"embeddable":true,"href":"https:\/\/rna.ao\/rna.ao\/wp-json\/wp\/v2\/comments?post=64564"}],"version-history":[{"count":1,"href":"https:\/\/rna.ao\/rna.ao\/wp-json\/wp\/v2\/posts\/64564\/revisions"}],"predecessor-version":[{"id":64567,"href":"https:\/\/rna.ao\/rna.ao\/wp-json\/wp\/v2\/posts\/64564\/revisions\/64567"}],"wp:featuredmedia":[{"embeddable":true,"href":"https:\/\/rna.ao\/rna.ao\/wp-json\/wp\/v2\/media\/64566"}],"wp:attachment":[{"href":"https:\/\/rna.ao\/rna.ao\/wp-json\/wp\/v2\/media?parent=64564"}],"wp:term":[{"taxonomy":"category","embeddable":true,"href":"https:\/\/rna.ao\/rna.ao\/wp-json\/wp\/v2\/categories?post=64564"},{"taxonomy":"post_tag","embeddable":true,"href":"https:\/\/rna.ao\/rna.ao\/wp-json\/wp\/v2\/tags?post=64564"}],"curies":[{"name":"wp","href":"https:\/\/api.w.org\/{rel}","templated":true}]}}