{"id":64560,"date":"2022-06-04T07:18:12","date_gmt":"2022-06-04T06:18:12","guid":{"rendered":"https:\/\/rna.ao\/rna.ao\/?p=64560"},"modified":"2022-06-04T07:20:54","modified_gmt":"2022-06-04T06:20:54","slug":"prei-chega-hoje-a-provincia-do-cuando-cubango","status":"publish","type":"post","link":"https:\/\/rna.ao\/rna.ao\/2022\/06\/04\/prei-chega-hoje-a-provincia-do-cuando-cubango\/","title":{"rendered":"PREI chega hoje \u00e0 Prov\u00edncia do Cuando Cubango"},"content":{"rendered":"<p><img loading=\"lazy\" class=\"size-medium wp-image-64562 aligncenter\" src=\"https:\/\/rna.ao\/rna.ao\/wp-content\/uploads\/2022\/06\/PREI-770x512.jpg\" alt=\"\" width=\"770\" height=\"512\" srcset=\"https:\/\/rna.ao\/rna.ao\/wp-content\/uploads\/2022\/06\/PREI-770x512.jpg 770w, https:\/\/rna.ao\/rna.ao\/wp-content\/uploads\/2022\/06\/PREI-768x510.jpg 768w, https:\/\/rna.ao\/rna.ao\/wp-content\/uploads\/2022\/06\/PREI.jpg 799w\" sizes=\"(max-width: 770px) 100vw, 770px\" \/>O Programa de Reconvers\u00e3o da Economia (PREI) vai ser lan\u00e7ado hoje, 04 de Junho, na Prov\u00edncia do Cuando Cubango, e prev\u00ea formalizar cerca de oito mil operadores econ\u00f3micos. Os comerciantes est\u00e3o expectantes com a implementa\u00e7\u00e3o do PREI, na Prov\u00edncia, para que possam aumentar o seu volume de neg\u00f3cios. Clique e ou\u00e7a o rep\u00f3rter Pelicano Baptista com mais dados:<\/p>\n\t<div class=\"qtmplayer-playlist-large\">\n\t\t<ul class=\"qtmplayer-playlist\">\n\t\t\t\n\t\t\t\t\t<li class=\"qtmplayer-trackitem\">\n\t\t<img src=\"https:\/\/rna.ao\/rna.ao\/wp-content\/uploads\/2022\/06\/PREI-100x100.jpg\" alt=\"cover\">\t\t<span \t\t\tdata-qtmplayer-cover=\"https:\/\/rna.ao\/rna.ao\/wp-content\/uploads\/2022\/06\/PREI-370x370.jpg\"\n\t\t\t\t\t\tdata-qtmplayer-file=\"https:\/\/rna.ao\/rna.ao\/wp-content\/uploads\/2022\/06\/CUANDO-CUBANGO-PREI-07-HRS.mp3\"\n\t\t\t\t\t\tdata-qtmplayer-title=\"PREI chega hoje \u00e0 Prov\u00edncia do Cuando Cubango\"\n\t\t\t\t\t\tdata-qtmplayer-artist=\"RNA\"\n\t\t\t\t\t\tdata-qtmplayer-link=\"https:\/\/rna.ao\/rna.ao\/2022\/06\/04\/prei-chega-hoje-a-provincia-do-cuando-cubango\/\"\n\t\t\t\t\t\tdata-qtmplayer-icon=\"file_download\"\n\t\t\t\t\t\tdata-qtmplayer-type=\"track\"\n\t\t\t class=\"qtmplayer-play qtmplayer-link-sec qtmplayer-play-btn\"><i class='material-icons'>play_arrow<\/i><\/span>\n\t\t<p>\n\t\t\t<span class=\"qtmplayer-tit\">PREI chega hoje \u00e0 Prov\u00edncia do Cuando Cubango<\/span>\n\t\t\t<span class=\"qtmplayer-art\">RNA<\/span>\n\t\t<\/p>\n\t<\/li>\n\t\t<\/ul>\n\t<\/div>\t\t\t\n\t\n<p>Fonte: RNA<\/p>\n","protected":false},"excerpt":{"rendered":"<p>O Programa de Reconvers\u00e3o da Economia (PREI) vai ser lan\u00e7ado hoje, 04 de Junho, na Prov\u00edncia do Cuando Cubango, e prev\u00ea formalizar cerca de oito mil operadores econ\u00f3micos. Os comerciantes est\u00e3o expectantes com a implementa\u00e7\u00e3o do PREI, na Prov\u00edncia, para que possam aumentar o seu volume de neg\u00f3cios. Clique e ...<\/p>\n","protected":false},"author":8,"featured_media":64562,"comment_status":"closed","ping_status":"closed","sticky":false,"template":"","format":"standard","meta":[],"categories":[121,163],"tags":[],"_links":{"self":[{"href":"https:\/\/rna.ao\/rna.ao\/wp-json\/wp\/v2\/posts\/64560"}],"collection":[{"href":"https:\/\/rna.ao\/rna.ao\/wp-json\/wp\/v2\/posts"}],"about":[{"href":"https:\/\/rna.ao\/rna.ao\/wp-json\/wp\/v2\/types\/post"}],"author":[{"embeddable":true,"href":"https:\/\/rna.ao\/rna.ao\/wp-json\/wp\/v2\/users\/8"}],"replies":[{"embeddable":true,"href":"https:\/\/rna.ao\/rna.ao\/wp-json\/wp\/v2\/comments?post=64560"}],"version-history":[{"count":1,"href":"https:\/\/rna.ao\/rna.ao\/wp-json\/wp\/v2\/posts\/64560\/revisions"}],"predecessor-version":[{"id":64563,"href":"https:\/\/rna.ao\/rna.ao\/wp-json\/wp\/v2\/posts\/64560\/revisions\/64563"}],"wp:featuredmedia":[{"embeddable":true,"href":"https:\/\/rna.ao\/rna.ao\/wp-json\/wp\/v2\/media\/64562"}],"wp:attachment":[{"href":"https:\/\/rna.ao\/rna.ao\/wp-json\/wp\/v2\/media?parent=64560"}],"wp:term":[{"taxonomy":"category","embeddable":true,"href":"https:\/\/rna.ao\/rna.ao\/wp-json\/wp\/v2\/categories?post=64560"},{"taxonomy":"post_tag","embeddable":true,"href":"https:\/\/rna.ao\/rna.ao\/wp-json\/wp\/v2\/tags?post=64560"}],"curies":[{"name":"wp","href":"https:\/\/api.w.org\/{rel}","templated":true}]}}