{"id":64546,"date":"2022-06-03T21:20:44","date_gmt":"2022-06-03T20:20:44","guid":{"rendered":"https:\/\/rna.ao\/rna.ao\/?p=64546"},"modified":"2022-06-03T21:20:44","modified_gmt":"2022-06-03T20:20:44","slug":"partidos-politicos-garantem-que-agora-e-o-momento-de-sair-da-teoria-a-pratica-para-competicao-politico-eleitoral","status":"publish","type":"post","link":"https:\/\/rna.ao\/rna.ao\/2022\/06\/03\/partidos-politicos-garantem-que-agora-e-o-momento-de-sair-da-teoria-a-pratica-para-competicao-politico-eleitoral\/","title":{"rendered":"Partidos pol\u00edticos garantem que agora \u00e9 o momento de sair da teoria \u00e0 pr\u00e1tica para competi\u00e7\u00e3o pol\u00edtico-eleitoral"},"content":{"rendered":"<p><img loading=\"lazy\" class=\"size-full wp-image-60099 alignleft\" src=\"https:\/\/rna.ao\/rna.ao\/wp-content\/uploads\/2022\/04\/Voto-na-Urna.jpg\" alt=\"\" width=\"308\" height=\"196\" \/>Os partidos com assento parlamentar dizem que, feito o anuncio da data, agora \u00e9 a vez e o momento para se sair da teoria \u00e0 pr\u00e1tica da m\u00e1quina pol\u00edtico-eleitoral. O facto foi dito pelos representantes do PRS, UNITA e MPLA, na Prov\u00edncia do Bengo, que falam em momento de colocarem em ac\u00e7\u00e3o as estrat\u00e9gias para a competi\u00e7\u00e3o, rumo ao pleito de 24de Agosto deste ano. Ou\u00e7a, no \u00e1udio abaixo, o rep\u00f3rter Eduardo Mota com mais detalhes;<\/p>\n\t<div class=\"qtmplayer-playlist-large\">\n\t\t<ul class=\"qtmplayer-playlist\">\n\t\t\t\n\t\t\t\t\t<li class=\"qtmplayer-trackitem\">\n\t\t<img src=\"https:\/\/rna.ao\/rna.ao\/wp-content\/uploads\/2022\/04\/Voto-na-Urna-100x100.jpg\" alt=\"cover\">\t\t<span \t\t\tdata-qtmplayer-cover=\"https:\/\/rna.ao\/rna.ao\/wp-content\/uploads\/2022\/04\/Voto-na-Urna.jpg\"\n\t\t\t\t\t\tdata-qtmplayer-file=\"https:\/\/rna.ao\/rna.ao\/wp-content\/uploads\/2022\/06\/EDUARDO-MOTA.mp3\"\n\t\t\t\t\t\tdata-qtmplayer-title=\"Partidos pol\u00edticos garantem que agora \u00e9 o momento de sair da teoria \u00e0 pr\u00e1tica para competi\u00e7\u00e3o pol\u00edtico-eleitoral\"\n\t\t\t\t\t\tdata-qtmplayer-artist=\"RNA\"\n\t\t\t\t\t\tdata-qtmplayer-link=\"https:\/\/rna.ao\/rna.ao\/2022\/06\/03\/partidos-politicos-garantem-que-agora-e-o-momento-de-sair-da-teoria-a-pratica-para-competicao-politico-eleitoral\/\"\n\t\t\t\t\t\tdata-qtmplayer-icon=\"file_download\"\n\t\t\t\t\t\tdata-qtmplayer-type=\"track\"\n\t\t\t class=\"qtmplayer-play qtmplayer-link-sec qtmplayer-play-btn\"><i class='material-icons'>play_arrow<\/i><\/span>\n\t\t<p>\n\t\t\t<span class=\"qtmplayer-tit\">Partidos pol\u00edticos garantem que agora \u00e9 o momento de sair da teoria \u00e0 pr\u00e1tica para competi\u00e7\u00e3o pol\u00edtico-eleitoral<\/span>\n\t\t\t<span class=\"qtmplayer-art\">RNA<\/span>\n\t\t<\/p>\n\t<\/li>\n\t\t<\/ul>\n\t<\/div>\t\t\t\n\t\n<p>Fonte: RNA<\/p>\n","protected":false},"excerpt":{"rendered":"<p>Os partidos com assento parlamentar dizem que, feito o anuncio da data, agora \u00e9 a vez e o momento para se sair da teoria \u00e0 pr\u00e1tica da m\u00e1quina pol\u00edtico-eleitoral. O facto foi dito pelos representantes do PRS, UNITA e MPLA, na Prov\u00edncia do Bengo, que falam em momento de colocarem ...<\/p>\n","protected":false},"author":8,"featured_media":60099,"comment_status":"closed","ping_status":"closed","sticky":false,"template":"","format":"standard","meta":[],"categories":[142,121,163],"tags":[],"_links":{"self":[{"href":"https:\/\/rna.ao\/rna.ao\/wp-json\/wp\/v2\/posts\/64546"}],"collection":[{"href":"https:\/\/rna.ao\/rna.ao\/wp-json\/wp\/v2\/posts"}],"about":[{"href":"https:\/\/rna.ao\/rna.ao\/wp-json\/wp\/v2\/types\/post"}],"author":[{"embeddable":true,"href":"https:\/\/rna.ao\/rna.ao\/wp-json\/wp\/v2\/users\/8"}],"replies":[{"embeddable":true,"href":"https:\/\/rna.ao\/rna.ao\/wp-json\/wp\/v2\/comments?post=64546"}],"version-history":[{"count":1,"href":"https:\/\/rna.ao\/rna.ao\/wp-json\/wp\/v2\/posts\/64546\/revisions"}],"predecessor-version":[{"id":64548,"href":"https:\/\/rna.ao\/rna.ao\/wp-json\/wp\/v2\/posts\/64546\/revisions\/64548"}],"wp:featuredmedia":[{"embeddable":true,"href":"https:\/\/rna.ao\/rna.ao\/wp-json\/wp\/v2\/media\/60099"}],"wp:attachment":[{"href":"https:\/\/rna.ao\/rna.ao\/wp-json\/wp\/v2\/media?parent=64546"}],"wp:term":[{"taxonomy":"category","embeddable":true,"href":"https:\/\/rna.ao\/rna.ao\/wp-json\/wp\/v2\/categories?post=64546"},{"taxonomy":"post_tag","embeddable":true,"href":"https:\/\/rna.ao\/rna.ao\/wp-json\/wp\/v2\/tags?post=64546"}],"curies":[{"name":"wp","href":"https:\/\/api.w.org\/{rel}","templated":true}]}}