{"id":64540,"date":"2022-06-03T21:14:22","date_gmt":"2022-06-03T20:14:22","guid":{"rendered":"https:\/\/rna.ao\/rna.ao\/?p=64540"},"modified":"2022-06-03T21:33:30","modified_gmt":"2022-06-03T20:33:30","slug":"joao-lourenco-em-mbanza-congo-para-apresentar-bases-do-programa-de-governacao-e-manifesto-eleitoral-do-mpla","status":"publish","type":"post","link":"https:\/\/rna.ao\/rna.ao\/2022\/06\/03\/joao-lourenco-em-mbanza-congo-para-apresentar-bases-do-programa-de-governacao-e-manifesto-eleitoral-do-mpla\/","title":{"rendered":"Jo\u00e3o Louren\u00e7o em Mbanza Congo para apresentar bases do programa de governa\u00e7\u00e3o e manifesto eleitoral do MPLA"},"content":{"rendered":"<p><img loading=\"lazy\" class=\"size-full wp-image-50271 alignleft\" src=\"https:\/\/rna.ao\/rna.ao\/wp-content\/uploads\/2022\/01\/JLO-MPLA3.jpg\" alt=\"\" width=\"298\" height=\"199\" \/>A Prov\u00edncia do Zaire recebe a onda vermelha do MPLA, na marcha da pr\u00e9-campanha eleitoral. Com Jo\u00e3o Louren\u00e7o j\u00e1 para o acto de massas, na Pra\u00e7a Dr. Ant\u00f3nio Agostinho Neto, militantes, simpatizantes e amigos dos seis Munic\u00edpios j\u00e1 sabem que 24 de Agosto \u00e9 para votar e, esta sexta-feira, 03 de Junho, foram receber o Presidente do MPLA no Aeroporto de Mbanza Congo. A Prov\u00edncia espera, agora, ouvir neste s\u00e1bado, 04 de Junho, o que vai dizer Jo\u00e3o Louren\u00e7o, sobre como acelerar o desenvolvimento do Zaire depois das elei\u00e7\u00f5es. Clique, no \u00e1udio abaixo, e ou\u00e7a o jornalista Isa\u00edas Afonso com mais desenvolvimento:<\/p>\n\t<div class=\"qtmplayer-playlist-large\">\n\t\t<ul class=\"qtmplayer-playlist\">\n\t\t\t\n\t\t\t\t\t<li class=\"qtmplayer-trackitem\">\n\t\t<img src=\"https:\/\/rna.ao\/rna.ao\/wp-content\/uploads\/2022\/01\/JLO-MPLA3-100x100.jpg\" alt=\"cover\">\t\t<span \t\t\tdata-qtmplayer-cover=\"https:\/\/rna.ao\/rna.ao\/wp-content\/uploads\/2022\/01\/JLO-MPLA3.jpg\"\n\t\t\t\t\t\tdata-qtmplayer-file=\"https:\/\/rna.ao\/rna.ao\/wp-content\/uploads\/2022\/06\/ISAIAS-AFONSO.mp3\"\n\t\t\t\t\t\tdata-qtmplayer-title=\"Jo\u00e3o Louren\u00e7o em Mbanza Congo para apresentar bases do programa de governa\u00e7\u00e3o e manifesto eleitoral do MPLA\"\n\t\t\t\t\t\tdata-qtmplayer-artist=\"RNA\"\n\t\t\t\t\t\tdata-qtmplayer-link=\"https:\/\/rna.ao\/rna.ao\/2022\/06\/03\/joao-lourenco-em-mbanza-congo-para-apresentar-bases-do-programa-de-governacao-e-manifesto-eleitoral-do-mpla\/\"\n\t\t\t\t\t\tdata-qtmplayer-icon=\"file_download\"\n\t\t\t\t\t\tdata-qtmplayer-type=\"track\"\n\t\t\t class=\"qtmplayer-play qtmplayer-link-sec qtmplayer-play-btn\"><i class='material-icons'>play_arrow<\/i><\/span>\n\t\t<p>\n\t\t\t<span class=\"qtmplayer-tit\">Jo\u00e3o Louren\u00e7o em Mbanza Congo para apresentar bases do programa de governa\u00e7\u00e3o e manifesto eleitoral do MPLA<\/span>\n\t\t\t<span class=\"qtmplayer-art\">RNA<\/span>\n\t\t<\/p>\n\t<\/li>\n\t\t<\/ul>\n\t<\/div>\t\t\t\n\t\n<p>Fonte: RNA<\/p>\n","protected":false},"excerpt":{"rendered":"<p>A Prov\u00edncia do Zaire recebe a onda vermelha do MPLA, na marcha da pr\u00e9-campanha eleitoral. Com Jo\u00e3o Louren\u00e7o j\u00e1 para o acto de massas, na Pra\u00e7a Dr. Ant\u00f3nio Agostinho Neto, militantes, simpatizantes e amigos dos seis Munic\u00edpios j\u00e1 sabem que 24 de Agosto \u00e9 para votar e, esta sexta-feira, 03 ...<\/p>\n","protected":false},"author":8,"featured_media":50271,"comment_status":"closed","ping_status":"closed","sticky":false,"template":"","format":"standard","meta":[],"categories":[142,121,163],"tags":[],"_links":{"self":[{"href":"https:\/\/rna.ao\/rna.ao\/wp-json\/wp\/v2\/posts\/64540"}],"collection":[{"href":"https:\/\/rna.ao\/rna.ao\/wp-json\/wp\/v2\/posts"}],"about":[{"href":"https:\/\/rna.ao\/rna.ao\/wp-json\/wp\/v2\/types\/post"}],"author":[{"embeddable":true,"href":"https:\/\/rna.ao\/rna.ao\/wp-json\/wp\/v2\/users\/8"}],"replies":[{"embeddable":true,"href":"https:\/\/rna.ao\/rna.ao\/wp-json\/wp\/v2\/comments?post=64540"}],"version-history":[{"count":3,"href":"https:\/\/rna.ao\/rna.ao\/wp-json\/wp\/v2\/posts\/64540\/revisions"}],"predecessor-version":[{"id":64550,"href":"https:\/\/rna.ao\/rna.ao\/wp-json\/wp\/v2\/posts\/64540\/revisions\/64550"}],"wp:featuredmedia":[{"embeddable":true,"href":"https:\/\/rna.ao\/rna.ao\/wp-json\/wp\/v2\/media\/50271"}],"wp:attachment":[{"href":"https:\/\/rna.ao\/rna.ao\/wp-json\/wp\/v2\/media?parent=64540"}],"wp:term":[{"taxonomy":"category","embeddable":true,"href":"https:\/\/rna.ao\/rna.ao\/wp-json\/wp\/v2\/categories?post=64540"},{"taxonomy":"post_tag","embeddable":true,"href":"https:\/\/rna.ao\/rna.ao\/wp-json\/wp\/v2\/tags?post=64540"}],"curies":[{"name":"wp","href":"https:\/\/api.w.org\/{rel}","templated":true}]}}