{"id":64529,"date":"2022-06-03T14:47:03","date_gmt":"2022-06-03T13:47:03","guid":{"rendered":"https:\/\/rna.ao\/rna.ao\/?p=64529"},"modified":"2022-06-03T14:47:03","modified_gmt":"2022-06-03T13:47:03","slug":"eleicoes-gerais-jurista-fala-em-momento-historico-de-disputa-eleitoral-no-pais","status":"publish","type":"post","link":"https:\/\/rna.ao\/rna.ao\/2022\/06\/03\/eleicoes-gerais-jurista-fala-em-momento-historico-de-disputa-eleitoral-no-pais\/","title":{"rendered":"Elei\u00e7\u00f5es Gerais: Jurista fala em momento hist\u00f3rico de disputa eleitoral no pa\u00eds"},"content":{"rendered":"<p><img loading=\"lazy\" class=\"size-full wp-image-64531 alignleft\" src=\"https:\/\/rna.ao\/rna.ao\/wp-content\/uploads\/2022\/06\/Sebastiao-Vinte-e-Cinco-bom.jpg\" alt=\"\" width=\"300\" height=\"234\" \/>O jurista angolano, Sebasti\u00e3o Vinte e Cinco, disse hoje, 03 de Junho, que com a convoca\u00e7\u00e3o das Elei\u00e7\u00f5es Gerais em Angola, para o dia 24 de Agosto deste ano, fica encerrado um cap\u00edtulo e abre-se, imediatamente, outro. Falando em entrevista ao Jornal da Actualidade, da R\u00e1dio Nacional de Angola, Sebasti\u00e3o Vinte e Cinco disse que est\u00e1 consumada uma parte do calend\u00e1rio pol\u00edtico. Clique, no \u00e1udio abaixo, e ou\u00e7a a conversa conduzida pela jornalista V\u00e2nia Varela:<\/p>\n\t<div class=\"qtmplayer-playlist-large\">\n\t\t<ul class=\"qtmplayer-playlist\">\n\t\t\t\n\t\t\t\t\t<li class=\"qtmplayer-trackitem\">\n\t\t<img src=\"https:\/\/rna.ao\/rna.ao\/wp-content\/uploads\/2022\/06\/Sebastiao-Vinte-e-Cinco-bom-100x100.jpg\" alt=\"cover\">\t\t<span \t\t\tdata-qtmplayer-cover=\"https:\/\/rna.ao\/rna.ao\/wp-content\/uploads\/2022\/06\/Sebastiao-Vinte-e-Cinco-bom.jpg\"\n\t\t\t\t\t\tdata-qtmplayer-file=\"https:\/\/rna.ao\/rna.ao\/wp-content\/uploads\/2022\/06\/VANIA-VARELA.mp3\"\n\t\t\t\t\t\tdata-qtmplayer-title=\"Elei\u00e7\u00f5es Gerais: Jurista fala em momento hist\u00f3rico de disputa eleitoral no pa\u00eds\"\n\t\t\t\t\t\tdata-qtmplayer-artist=\"RNA\"\n\t\t\t\t\t\tdata-qtmplayer-link=\"https:\/\/rna.ao\/rna.ao\/2022\/06\/03\/eleicoes-gerais-jurista-fala-em-momento-historico-de-disputa-eleitoral-no-pais\/\"\n\t\t\t\t\t\tdata-qtmplayer-icon=\"file_download\"\n\t\t\t\t\t\tdata-qtmplayer-type=\"track\"\n\t\t\t class=\"qtmplayer-play qtmplayer-link-sec qtmplayer-play-btn\"><i class='material-icons'>play_arrow<\/i><\/span>\n\t\t<p>\n\t\t\t<span class=\"qtmplayer-tit\">Elei\u00e7\u00f5es Gerais: Jurista fala em momento hist\u00f3rico de disputa eleitoral no pa\u00eds<\/span>\n\t\t\t<span class=\"qtmplayer-art\">RNA<\/span>\n\t\t<\/p>\n\t<\/li>\n\t\t<\/ul>\n\t<\/div>\t\t\t\n\t\n<p>Fonte: RNA<\/p>\n","protected":false},"excerpt":{"rendered":"<p>O jurista angolano, Sebasti\u00e3o Vinte e Cinco, disse hoje, 03 de Junho, que com a convoca\u00e7\u00e3o das Elei\u00e7\u00f5es Gerais em Angola, para o dia 24 de Agosto deste ano, fica encerrado um cap\u00edtulo e abre-se, imediatamente, outro. Falando em entrevista ao Jornal da Actualidade, da R\u00e1dio Nacional de Angola, Sebasti\u00e3o ...<\/p>\n","protected":false},"author":8,"featured_media":64531,"comment_status":"closed","ping_status":"closed","sticky":false,"template":"","format":"standard","meta":[],"categories":[142,121,163],"tags":[],"_links":{"self":[{"href":"https:\/\/rna.ao\/rna.ao\/wp-json\/wp\/v2\/posts\/64529"}],"collection":[{"href":"https:\/\/rna.ao\/rna.ao\/wp-json\/wp\/v2\/posts"}],"about":[{"href":"https:\/\/rna.ao\/rna.ao\/wp-json\/wp\/v2\/types\/post"}],"author":[{"embeddable":true,"href":"https:\/\/rna.ao\/rna.ao\/wp-json\/wp\/v2\/users\/8"}],"replies":[{"embeddable":true,"href":"https:\/\/rna.ao\/rna.ao\/wp-json\/wp\/v2\/comments?post=64529"}],"version-history":[{"count":1,"href":"https:\/\/rna.ao\/rna.ao\/wp-json\/wp\/v2\/posts\/64529\/revisions"}],"predecessor-version":[{"id":64532,"href":"https:\/\/rna.ao\/rna.ao\/wp-json\/wp\/v2\/posts\/64529\/revisions\/64532"}],"wp:featuredmedia":[{"embeddable":true,"href":"https:\/\/rna.ao\/rna.ao\/wp-json\/wp\/v2\/media\/64531"}],"wp:attachment":[{"href":"https:\/\/rna.ao\/rna.ao\/wp-json\/wp\/v2\/media?parent=64529"}],"wp:term":[{"taxonomy":"category","embeddable":true,"href":"https:\/\/rna.ao\/rna.ao\/wp-json\/wp\/v2\/categories?post=64529"},{"taxonomy":"post_tag","embeddable":true,"href":"https:\/\/rna.ao\/rna.ao\/wp-json\/wp\/v2\/tags?post=64529"}],"curies":[{"name":"wp","href":"https:\/\/api.w.org\/{rel}","templated":true}]}}