{"id":64526,"date":"2022-06-03T14:41:19","date_gmt":"2022-06-03T13:41:19","guid":{"rendered":"https:\/\/rna.ao\/rna.ao\/?p=64526"},"modified":"2022-06-03T21:21:21","modified_gmt":"2022-06-03T20:21:21","slug":"venda-dos-activos-nao-essenciais-da-sonangol-e-para-continuar-reitera-ministro","status":"publish","type":"post","link":"https:\/\/rna.ao\/rna.ao\/2022\/06\/03\/venda-dos-activos-nao-essenciais-da-sonangol-e-para-continuar-reitera-ministro\/","title":{"rendered":"Venda dos activos n\u00e3o essenciais da Sonangol \u00e9 para continuar- Reitera Ministro"},"content":{"rendered":"<p><img loading=\"lazy\" class=\"wp-image-22083 alignleft\" src=\"https:\/\/rna.ao\/rna.ao\/wp-content\/uploads\/2021\/04\/diamantino-azevedo_174063_20190702090059.jpg\" alt=\"\" width=\"281\" height=\"187\" \/>Grande parte dos activos n\u00e3o nucleares da Sonangol est\u00e3o a ser alineados, para a sua privatiza\u00e7\u00e3o em bolsa. O dado foi avan\u00e7ado hoje, 03 de Junho, pelo Ministro dos Recursos Minerais Petr\u00f3leo e G\u00e1s, Diamantino Azevedo, durante a abertura do s\u00e9timo Conselho Consultivo daquele Minist\u00e9rio, que decorre em Benguela. Saiba mais, no \u00e1udio abaixo, com o rep\u00f3rter Gilseu de Almeida:<\/p>\n\t<div class=\"qtmplayer-playlist-large\">\n\t\t<ul class=\"qtmplayer-playlist\">\n\t\t\t\n\t\t\t\t\t<li class=\"qtmplayer-trackitem\">\n\t\t<img src=\"https:\/\/rna.ao\/rna.ao\/wp-content\/uploads\/2021\/04\/diamantino-azevedo_174063_20190702090059-100x100.jpg\" alt=\"cover\">\t\t<span \t\t\tdata-qtmplayer-cover=\"https:\/\/rna.ao\/rna.ao\/wp-content\/uploads\/2021\/04\/diamantino-azevedo_174063_20190702090059-370x370.jpg\"\n\t\t\t\t\t\tdata-qtmplayer-file=\"https:\/\/rna.ao\/rna.ao\/wp-content\/uploads\/2022\/06\/GILSEU-DE-ALMEIDA.mp3\"\n\t\t\t\t\t\tdata-qtmplayer-title=\"Venda dos activos n\u00e3o essenciais da Sonangol \u00e9 para continuar- Reitera Ministro\"\n\t\t\t\t\t\tdata-qtmplayer-artist=\"RNA\"\n\t\t\t\t\t\tdata-qtmplayer-link=\"https:\/\/rna.ao\/rna.ao\/2022\/06\/03\/venda-dos-activos-nao-essenciais-da-sonangol-e-para-continuar-reitera-ministro\/\"\n\t\t\t\t\t\tdata-qtmplayer-icon=\"file_download\"\n\t\t\t\t\t\tdata-qtmplayer-type=\"track\"\n\t\t\t class=\"qtmplayer-play qtmplayer-link-sec qtmplayer-play-btn\"><i class='material-icons'>play_arrow<\/i><\/span>\n\t\t<p>\n\t\t\t<span class=\"qtmplayer-tit\">Venda dos activos n\u00e3o essenciais da Sonangol \u00e9 para continuar- Reitera Ministro<\/span>\n\t\t\t<span class=\"qtmplayer-art\">RNA<\/span>\n\t\t<\/p>\n\t<\/li>\n\t\t<\/ul>\n\t<\/div>\t\t\t\n\t\n<p>Fonte: RNA<\/p>\n","protected":false},"excerpt":{"rendered":"<p>Grande parte dos activos n\u00e3o nucleares da Sonangol est\u00e3o a ser alineados, para a sua privatiza\u00e7\u00e3o em bolsa. O dado foi avan\u00e7ado hoje, 03 de Junho, pelo Ministro dos Recursos Minerais Petr\u00f3leo e G\u00e1s, Diamantino Azevedo, durante a abertura do s\u00e9timo Conselho Consultivo daquele Minist\u00e9rio, que decorre em Benguela. Saiba ...<\/p>\n","protected":false},"author":8,"featured_media":22083,"comment_status":"closed","ping_status":"closed","sticky":false,"template":"","format":"standard","meta":[],"categories":[142,121,164],"tags":[],"_links":{"self":[{"href":"https:\/\/rna.ao\/rna.ao\/wp-json\/wp\/v2\/posts\/64526"}],"collection":[{"href":"https:\/\/rna.ao\/rna.ao\/wp-json\/wp\/v2\/posts"}],"about":[{"href":"https:\/\/rna.ao\/rna.ao\/wp-json\/wp\/v2\/types\/post"}],"author":[{"embeddable":true,"href":"https:\/\/rna.ao\/rna.ao\/wp-json\/wp\/v2\/users\/8"}],"replies":[{"embeddable":true,"href":"https:\/\/rna.ao\/rna.ao\/wp-json\/wp\/v2\/comments?post=64526"}],"version-history":[{"count":2,"href":"https:\/\/rna.ao\/rna.ao\/wp-json\/wp\/v2\/posts\/64526\/revisions"}],"predecessor-version":[{"id":64534,"href":"https:\/\/rna.ao\/rna.ao\/wp-json\/wp\/v2\/posts\/64526\/revisions\/64534"}],"wp:featuredmedia":[{"embeddable":true,"href":"https:\/\/rna.ao\/rna.ao\/wp-json\/wp\/v2\/media\/22083"}],"wp:attachment":[{"href":"https:\/\/rna.ao\/rna.ao\/wp-json\/wp\/v2\/media?parent=64526"}],"wp:term":[{"taxonomy":"category","embeddable":true,"href":"https:\/\/rna.ao\/rna.ao\/wp-json\/wp\/v2\/categories?post=64526"},{"taxonomy":"post_tag","embeddable":true,"href":"https:\/\/rna.ao\/rna.ao\/wp-json\/wp\/v2\/tags?post=64526"}],"curies":[{"name":"wp","href":"https:\/\/api.w.org\/{rel}","templated":true}]}}