{"id":64523,"date":"2022-06-03T14:37:59","date_gmt":"2022-06-03T13:37:59","guid":{"rendered":"https:\/\/rna.ao\/rna.ao\/?p=64523"},"modified":"2022-06-03T14:37:59","modified_gmt":"2022-06-03T13:37:59","slug":"abertas-candidaturas-para-o-novo-concurso-publico-do-ministerio-da-saude","status":"publish","type":"post","link":"https:\/\/rna.ao\/rna.ao\/2022\/06\/03\/abertas-candidaturas-para-o-novo-concurso-publico-do-ministerio-da-saude\/","title":{"rendered":"Abertas candidaturas para o novo concurso p\u00fablico do Minist\u00e9rio da Sa\u00fade"},"content":{"rendered":"<p><img loading=\"lazy\" class=\"size-full wp-image-28050 alignleft\" src=\"https:\/\/rna.ao\/rna.ao\/wp-content\/uploads\/2021\/06\/Ministerio-da-Saude-Angola-edificio-sede.jpg\" alt=\"\" width=\"300\" height=\"200\" \/>J\u00e1 est\u00e3o abertas as candidaturas para o novo Concurso P\u00fablico do Minist\u00e9rio da Sa\u00fade. Os candidatos devem submeter as suas candidaturas, por via do Porta do Minist\u00e9rio da Sa\u00fade. Para este novo Concurso P\u00fablico, foram disponibilizadas oito mil vagas para m\u00e9dicos, enfermeiros, t\u00e9cnicos de diagn\u00f3stico e terap\u00eautica, e pessoal de apoio hospitalar. Clique, no \u00e1udio abaixo, e ou\u00e7a mais dados com a rep\u00f3rter Patr\u00edcia Van-D\u00fanem Campos:<\/p>\n\t<div class=\"qtmplayer-playlist-large\">\n\t\t<ul class=\"qtmplayer-playlist\">\n\t\t\t\n\t\t\t\t\t<li class=\"qtmplayer-trackitem\">\n\t\t<img src=\"https:\/\/rna.ao\/rna.ao\/wp-content\/uploads\/2021\/06\/Ministerio-da-Saude-Angola-edificio-sede-100x100.jpg\" alt=\"cover\">\t\t<span \t\t\tdata-qtmplayer-cover=\"https:\/\/rna.ao\/rna.ao\/wp-content\/uploads\/2021\/06\/Ministerio-da-Saude-Angola-edificio-sede.jpg\"\n\t\t\t\t\t\tdata-qtmplayer-file=\"https:\/\/rna.ao\/rna.ao\/wp-content\/uploads\/2022\/06\/PATRICIA-VAN-DUNEM.mp3\"\n\t\t\t\t\t\tdata-qtmplayer-title=\"Abertas candidaturas para o novo concurso p\u00fablico do Minist\u00e9rio da Sa\u00fade\"\n\t\t\t\t\t\tdata-qtmplayer-artist=\"RNA\"\n\t\t\t\t\t\tdata-qtmplayer-link=\"https:\/\/rna.ao\/rna.ao\/2022\/06\/03\/abertas-candidaturas-para-o-novo-concurso-publico-do-ministerio-da-saude\/\"\n\t\t\t\t\t\tdata-qtmplayer-icon=\"file_download\"\n\t\t\t\t\t\tdata-qtmplayer-type=\"track\"\n\t\t\t class=\"qtmplayer-play qtmplayer-link-sec qtmplayer-play-btn\"><i class='material-icons'>play_arrow<\/i><\/span>\n\t\t<p>\n\t\t\t<span class=\"qtmplayer-tit\">Abertas candidaturas para o novo concurso p\u00fablico do Minist\u00e9rio da Sa\u00fade<\/span>\n\t\t\t<span class=\"qtmplayer-art\">RNA<\/span>\n\t\t<\/p>\n\t<\/li>\n\t\t<\/ul>\n\t<\/div>\t\t\t\n\t\n<p>Fonte: RNA<\/p>\n","protected":false},"excerpt":{"rendered":"<p>J\u00e1 est\u00e3o abertas as candidaturas para o novo Concurso P\u00fablico do Minist\u00e9rio da Sa\u00fade. Os candidatos devem submeter as suas candidaturas, por via do Porta do Minist\u00e9rio da Sa\u00fade. Para este novo Concurso P\u00fablico, foram disponibilizadas oito mil vagas para m\u00e9dicos, enfermeiros, t\u00e9cnicos de diagn\u00f3stico e terap\u00eautica, e pessoal de ...<\/p>\n","protected":false},"author":8,"featured_media":28050,"comment_status":"closed","ping_status":"closed","sticky":false,"template":"","format":"standard","meta":[],"categories":[142,121,163],"tags":[],"_links":{"self":[{"href":"https:\/\/rna.ao\/rna.ao\/wp-json\/wp\/v2\/posts\/64523"}],"collection":[{"href":"https:\/\/rna.ao\/rna.ao\/wp-json\/wp\/v2\/posts"}],"about":[{"href":"https:\/\/rna.ao\/rna.ao\/wp-json\/wp\/v2\/types\/post"}],"author":[{"embeddable":true,"href":"https:\/\/rna.ao\/rna.ao\/wp-json\/wp\/v2\/users\/8"}],"replies":[{"embeddable":true,"href":"https:\/\/rna.ao\/rna.ao\/wp-json\/wp\/v2\/comments?post=64523"}],"version-history":[{"count":1,"href":"https:\/\/rna.ao\/rna.ao\/wp-json\/wp\/v2\/posts\/64523\/revisions"}],"predecessor-version":[{"id":64525,"href":"https:\/\/rna.ao\/rna.ao\/wp-json\/wp\/v2\/posts\/64523\/revisions\/64525"}],"wp:featuredmedia":[{"embeddable":true,"href":"https:\/\/rna.ao\/rna.ao\/wp-json\/wp\/v2\/media\/28050"}],"wp:attachment":[{"href":"https:\/\/rna.ao\/rna.ao\/wp-json\/wp\/v2\/media?parent=64523"}],"wp:term":[{"taxonomy":"category","embeddable":true,"href":"https:\/\/rna.ao\/rna.ao\/wp-json\/wp\/v2\/categories?post=64523"},{"taxonomy":"post_tag","embeddable":true,"href":"https:\/\/rna.ao\/rna.ao\/wp-json\/wp\/v2\/tags?post=64523"}],"curies":[{"name":"wp","href":"https:\/\/api.w.org\/{rel}","templated":true}]}}