{"id":64519,"date":"2022-06-03T14:11:21","date_gmt":"2022-06-03T13:11:21","guid":{"rendered":"https:\/\/rna.ao\/rna.ao\/?p=64519"},"modified":"2022-06-03T14:48:22","modified_gmt":"2022-06-03T13:48:22","slug":"eleicoes-gerais-de-2022-realizam-se-no-dia-24-de-agosto-numa-quarta-feira","status":"publish","type":"post","link":"https:\/\/rna.ao\/rna.ao\/2022\/06\/03\/eleicoes-gerais-de-2022-realizam-se-no-dia-24-de-agosto-numa-quarta-feira\/","title":{"rendered":"Elei\u00e7\u00f5es gerais de 2022 realizam-se no dia 24 de Agosto, numa quarta feira ."},"content":{"rendered":"<p><img loading=\"lazy\" class=\"alignnone size-medium wp-image-64517\" src=\"https:\/\/rna.ao\/rna.ao\/wp-content\/uploads\/2022\/06\/78AE13FA-34E4-47E2-9723-DE362260EF6D-770x625.jpeg\" alt=\"\" width=\"770\" height=\"625\" srcset=\"https:\/\/rna.ao\/rna.ao\/wp-content\/uploads\/2022\/06\/78AE13FA-34E4-47E2-9723-DE362260EF6D-770x625.jpeg 770w, https:\/\/rna.ao\/rna.ao\/wp-content\/uploads\/2022\/06\/78AE13FA-34E4-47E2-9723-DE362260EF6D-768x623.jpeg 768w, https:\/\/rna.ao\/rna.ao\/wp-content\/uploads\/2022\/06\/78AE13FA-34E4-47E2-9723-DE362260EF6D.jpeg 1051w\" sizes=\"(max-width: 770px) 100vw, 770px\" \/><br \/>\nO Presidente da Rep\u00fablica Jo\u00e3o Louren\u00e7o convocou para o pr\u00f3ximo dia 24 de Agosto as elei\u00e7\u00f5es gerais de 2022.<\/p>\n<p>O an\u00fancio foi feito na reuni\u00e3o do Conselho da Rep\u00fablica realizada hoje em Luanda.<\/p>\n<p>Jo\u00e3o Louren\u00e7o disse que a convoca\u00e7\u00e3o surge pelo facto de ter recebido garantias da CNE e do Tribunal Constitucional para realiza\u00e7\u00e3o das quintas elei\u00e7\u00f5es gerais do pa\u00eds. Clique no \u00e1udio abaixo e ou\u00e7a;<\/p>\n\t<div class=\"qtmplayer-playlist-large\">\n\t\t<ul class=\"qtmplayer-playlist\">\n\t\t\t\n\t\t\t\t\t<li class=\"qtmplayer-trackitem\">\n\t\t<img src=\"https:\/\/rna.ao\/rna.ao\/wp-content\/uploads\/2022\/06\/A6D64897-45D4-4900-9582-7FF2EE90AA6D-100x100.jpeg\" alt=\"cover\">\t\t<span \t\t\tdata-qtmplayer-cover=\"https:\/\/rna.ao\/rna.ao\/wp-content\/uploads\/2022\/06\/A6D64897-45D4-4900-9582-7FF2EE90AA6D-370x370.jpeg\"\n\t\t\t\t\t\tdata-qtmplayer-file=\"https:\/\/rna.ao\/rna.ao\/wp-content\/uploads\/2022\/06\/JOAO-LOURENCO-10HRS.mp3\"\n\t\t\t\t\t\tdata-qtmplayer-title=\"Elei\u00e7\u00f5es gerais de 2022 realizam-se no dia 24 de Agosto, numa quarta feira .\"\n\t\t\t\t\t\tdata-qtmplayer-artist=\"RNA\"\n\t\t\t\t\t\tdata-qtmplayer-link=\"https:\/\/rna.ao\/rna.ao\/2022\/06\/03\/eleicoes-gerais-de-2022-realizam-se-no-dia-24-de-agosto-numa-quarta-feira\/\"\n\t\t\t\t\t\tdata-qtmplayer-icon=\"file_download\"\n\t\t\t\t\t\tdata-qtmplayer-type=\"track\"\n\t\t\t class=\"qtmplayer-play qtmplayer-link-sec qtmplayer-play-btn\"><i class='material-icons'>play_arrow<\/i><\/span>\n\t\t<p>\n\t\t\t<span class=\"qtmplayer-tit\">Elei\u00e7\u00f5es gerais de 2022 realizam-se no dia 24 de Agosto, numa quarta feira .<\/span>\n\t\t\t<span class=\"qtmplayer-art\">RNA<\/span>\n\t\t<\/p>\n\t<\/li>\n\t\t<\/ul>\n\t<\/div>\t\t\t\n\t\n","protected":false},"excerpt":{"rendered":"<p>O Presidente da Rep\u00fablica Jo\u00e3o Louren\u00e7o convocou para o pr\u00f3ximo dia 24 de Agosto as elei\u00e7\u00f5es gerais de 2022. O an\u00fancio foi feito na reuni\u00e3o do Conselho da Rep\u00fablica realizada hoje em Luanda. Jo\u00e3o Louren\u00e7o disse que a convoca\u00e7\u00e3o surge pelo facto de ter recebido garantias da CNE e do ...<\/p>\n","protected":false},"author":8,"featured_media":64521,"comment_status":"closed","ping_status":"closed","sticky":false,"template":"","format":"standard","meta":[],"categories":[142,121,163],"tags":[],"_links":{"self":[{"href":"https:\/\/rna.ao\/rna.ao\/wp-json\/wp\/v2\/posts\/64519"}],"collection":[{"href":"https:\/\/rna.ao\/rna.ao\/wp-json\/wp\/v2\/posts"}],"about":[{"href":"https:\/\/rna.ao\/rna.ao\/wp-json\/wp\/v2\/types\/post"}],"author":[{"embeddable":true,"href":"https:\/\/rna.ao\/rna.ao\/wp-json\/wp\/v2\/users\/8"}],"replies":[{"embeddable":true,"href":"https:\/\/rna.ao\/rna.ao\/wp-json\/wp\/v2\/comments?post=64519"}],"version-history":[{"count":1,"href":"https:\/\/rna.ao\/rna.ao\/wp-json\/wp\/v2\/posts\/64519\/revisions"}],"predecessor-version":[{"id":64522,"href":"https:\/\/rna.ao\/rna.ao\/wp-json\/wp\/v2\/posts\/64519\/revisions\/64522"}],"wp:featuredmedia":[{"embeddable":true,"href":"https:\/\/rna.ao\/rna.ao\/wp-json\/wp\/v2\/media\/64521"}],"wp:attachment":[{"href":"https:\/\/rna.ao\/rna.ao\/wp-json\/wp\/v2\/media?parent=64519"}],"wp:term":[{"taxonomy":"category","embeddable":true,"href":"https:\/\/rna.ao\/rna.ao\/wp-json\/wp\/v2\/categories?post=64519"},{"taxonomy":"post_tag","embeddable":true,"href":"https:\/\/rna.ao\/rna.ao\/wp-json\/wp\/v2\/tags?post=64519"}],"curies":[{"name":"wp","href":"https:\/\/api.w.org\/{rel}","templated":true}]}}