{"id":64515,"date":"2022-06-03T13:59:20","date_gmt":"2022-06-03T12:59:20","guid":{"rendered":"https:\/\/rna.ao\/rna.ao\/?p=64515"},"modified":"2022-06-03T14:47:50","modified_gmt":"2022-06-03T13:47:50","slug":"eleicoes-em-angola-serao-realizadas-no-dia-24-de-agosto-deste-ano","status":"publish","type":"post","link":"https:\/\/rna.ao\/rna.ao\/2022\/06\/03\/eleicoes-em-angola-serao-realizadas-no-dia-24-de-agosto-deste-ano\/","title":{"rendered":"Elei\u00e7\u00f5es em Angola ser\u00e3o realizadas. no dia 24 de Agosto deste ano."},"content":{"rendered":"<p><img loading=\"lazy\" class=\"alignnone size-medium wp-image-64516\" src=\"https:\/\/rna.ao\/rna.ao\/wp-content\/uploads\/2022\/06\/6075B2FD-BD1C-4489-A4DC-04DA29BF279B-770x583.jpeg\" alt=\"\" width=\"770\" height=\"583\" srcset=\"https:\/\/rna.ao\/rna.ao\/wp-content\/uploads\/2022\/06\/6075B2FD-BD1C-4489-A4DC-04DA29BF279B-770x583.jpeg 770w, https:\/\/rna.ao\/rna.ao\/wp-content\/uploads\/2022\/06\/6075B2FD-BD1C-4489-A4DC-04DA29BF279B-768x581.jpeg 768w, https:\/\/rna.ao\/rna.ao\/wp-content\/uploads\/2022\/06\/6075B2FD-BD1C-4489-A4DC-04DA29BF279B.jpeg 1107w\" sizes=\"(max-width: 770px) 100vw, 770px\" \/><br \/>\nNOTA DE IMPRENSA<\/p>\n<p>Nos termos da Constitui\u00e7\u00e3o da Rep\u00fablica de Angola e da Lei Org\u00e2nica sobre as Elei\u00e7\u00f5es Gerais, ap\u00f3s parecer favor\u00e1vel da Comiss\u00e3o Nacional Eleitoral relativa \u00e0 exist\u00eancia de condi\u00e7\u00f5es para que as elei\u00e7\u00f5es gerais de 2022 se realizem no per\u00edodo constitucionalmente definido, e ouvido o Conselho da Rep\u00fablica, em obedi\u00eancia ao procedimento legalmente definido, o Presidente da Rep\u00fablica convoca as elei\u00e7\u00f5es gerais para a elei\u00e7\u00e3o do Presidente da Rep\u00fablica e dos Deputados \u00e0 Assembleia Nacional e fixa a data de 24 de Agosto de 2022 para a sua realiza\u00e7\u00e3o.<\/p>\n<p>O Decreto Presidencial que convoca as elei\u00e7\u00f5es entra em vigor no dia 6 de junho de 2022.<\/p>\n<p>CASA CIVIL DO PRESIDENTE DA REP\u00daBLICA, em Luanda, 3 de Junho de 2022.<\/p>\n","protected":false},"excerpt":{"rendered":"<p>NOTA DE IMPRENSA Nos termos da Constitui\u00e7\u00e3o da Rep\u00fablica de Angola e da Lei Org\u00e2nica sobre as Elei\u00e7\u00f5es Gerais, ap\u00f3s parecer favor\u00e1vel da Comiss\u00e3o Nacional Eleitoral relativa \u00e0 exist\u00eancia de condi\u00e7\u00f5es para que as elei\u00e7\u00f5es gerais de 2022 se realizem no per\u00edodo constitucionalmente definido, e ouvido o Conselho da Rep\u00fablica, ...<\/p>\n","protected":false},"author":8,"featured_media":64517,"comment_status":"closed","ping_status":"closed","sticky":false,"template":"","format":"standard","meta":[],"categories":[142,121,163],"tags":[],"_links":{"self":[{"href":"https:\/\/rna.ao\/rna.ao\/wp-json\/wp\/v2\/posts\/64515"}],"collection":[{"href":"https:\/\/rna.ao\/rna.ao\/wp-json\/wp\/v2\/posts"}],"about":[{"href":"https:\/\/rna.ao\/rna.ao\/wp-json\/wp\/v2\/types\/post"}],"author":[{"embeddable":true,"href":"https:\/\/rna.ao\/rna.ao\/wp-json\/wp\/v2\/users\/8"}],"replies":[{"embeddable":true,"href":"https:\/\/rna.ao\/rna.ao\/wp-json\/wp\/v2\/comments?post=64515"}],"version-history":[{"count":1,"href":"https:\/\/rna.ao\/rna.ao\/wp-json\/wp\/v2\/posts\/64515\/revisions"}],"predecessor-version":[{"id":64518,"href":"https:\/\/rna.ao\/rna.ao\/wp-json\/wp\/v2\/posts\/64515\/revisions\/64518"}],"wp:featuredmedia":[{"embeddable":true,"href":"https:\/\/rna.ao\/rna.ao\/wp-json\/wp\/v2\/media\/64517"}],"wp:attachment":[{"href":"https:\/\/rna.ao\/rna.ao\/wp-json\/wp\/v2\/media?parent=64515"}],"wp:term":[{"taxonomy":"category","embeddable":true,"href":"https:\/\/rna.ao\/rna.ao\/wp-json\/wp\/v2\/categories?post=64515"},{"taxonomy":"post_tag","embeddable":true,"href":"https:\/\/rna.ao\/rna.ao\/wp-json\/wp\/v2\/tags?post=64515"}],"curies":[{"name":"wp","href":"https:\/\/api.w.org\/{rel}","templated":true}]}}