{"id":64508,"date":"2022-06-03T09:49:41","date_gmt":"2022-06-03T08:49:41","guid":{"rendered":"https:\/\/rna.ao\/rna.ao\/?p=64508"},"modified":"2022-06-03T09:49:41","modified_gmt":"2022-06-03T08:49:41","slug":"caso-edna-bessa-ja-conheceu-o-seu-desfecho-em-tribunal-de-primeira-instancia","status":"publish","type":"post","link":"https:\/\/rna.ao\/rna.ao\/2022\/06\/03\/caso-edna-bessa-ja-conheceu-o-seu-desfecho-em-tribunal-de-primeira-instancia\/","title":{"rendered":"Caso Edna Bessa j\u00e1 conheceu o seu desfecho em Tribunal de Primeira Inst\u00e2ncia"},"content":{"rendered":"<p><img loading=\"lazy\" class=\"size-full wp-image-32385 alignleft\" src=\"https:\/\/rna.ao\/rna.ao\/wp-content\/uploads\/2021\/07\/martelo-juiz.jpg\" alt=\"\" width=\"288\" height=\"213\" \/>O Caso Edna Bessa j\u00e1 conheceu o seu desfecho, em Tribunal de Primeira Inst\u00e2ncia. A modelo foi atropelada pelo namorado, no dia 19 de julho de 2020. Abel Fernando Jo\u00e3o, foi julgado e condenado pelo Tribunal da Comarca de Luanda. Clique, no \u00e1udio abaixo, e ou\u00e7a o rep\u00f3rter Liberato Furtado com mais desenvolvimento:<\/p>\n\t<div class=\"qtmplayer-playlist-large\">\n\t\t<ul class=\"qtmplayer-playlist\">\n\t\t\t\n\t\t\t\t\t<li class=\"qtmplayer-trackitem\">\n\t\t<img src=\"https:\/\/rna.ao\/rna.ao\/wp-content\/uploads\/2021\/07\/martelo-juiz-100x100.jpg\" alt=\"cover\">\t\t<span \t\t\tdata-qtmplayer-cover=\"https:\/\/rna.ao\/rna.ao\/wp-content\/uploads\/2021\/07\/martelo-juiz.jpg\"\n\t\t\t\t\t\tdata-qtmplayer-file=\"https:\/\/rna.ao\/rna.ao\/wp-content\/uploads\/2022\/06\/LIBERATO-FURTADO-CASO-EDNA-BESSA.mp3\"\n\t\t\t\t\t\tdata-qtmplayer-title=\"Caso Edna Bessa j\u00e1 conheceu o seu desfecho em Tribunal de Primeira Inst\u00e2ncia\"\n\t\t\t\t\t\tdata-qtmplayer-artist=\"RNA\"\n\t\t\t\t\t\tdata-qtmplayer-link=\"https:\/\/rna.ao\/rna.ao\/2022\/06\/03\/caso-edna-bessa-ja-conheceu-o-seu-desfecho-em-tribunal-de-primeira-instancia\/\"\n\t\t\t\t\t\tdata-qtmplayer-icon=\"file_download\"\n\t\t\t\t\t\tdata-qtmplayer-type=\"track\"\n\t\t\t class=\"qtmplayer-play qtmplayer-link-sec qtmplayer-play-btn\"><i class='material-icons'>play_arrow<\/i><\/span>\n\t\t<p>\n\t\t\t<span class=\"qtmplayer-tit\">Caso Edna Bessa j\u00e1 conheceu o seu desfecho em Tribunal de Primeira Inst\u00e2ncia<\/span>\n\t\t\t<span class=\"qtmplayer-art\">RNA<\/span>\n\t\t<\/p>\n\t<\/li>\n\t\t<\/ul>\n\t<\/div>\t\t\t\n\t\n<p>Fonte: R\u00e1dio Luanda\/RNA<\/p>\n<p>&nbsp;<\/p>\n","protected":false},"excerpt":{"rendered":"<p>O Caso Edna Bessa j\u00e1 conheceu o seu desfecho, em Tribunal de Primeira Inst\u00e2ncia. A modelo foi atropelada pelo namorado, no dia 19 de julho de 2020. Abel Fernando Jo\u00e3o, foi julgado e condenado pelo Tribunal da Comarca de Luanda. Clique, no \u00e1udio abaixo, e ou\u00e7a o rep\u00f3rter Liberato Furtado ...<\/p>\n","protected":false},"author":8,"featured_media":32385,"comment_status":"closed","ping_status":"closed","sticky":false,"template":"","format":"standard","meta":[],"categories":[141,133],"tags":[],"_links":{"self":[{"href":"https:\/\/rna.ao\/rna.ao\/wp-json\/wp\/v2\/posts\/64508"}],"collection":[{"href":"https:\/\/rna.ao\/rna.ao\/wp-json\/wp\/v2\/posts"}],"about":[{"href":"https:\/\/rna.ao\/rna.ao\/wp-json\/wp\/v2\/types\/post"}],"author":[{"embeddable":true,"href":"https:\/\/rna.ao\/rna.ao\/wp-json\/wp\/v2\/users\/8"}],"replies":[{"embeddable":true,"href":"https:\/\/rna.ao\/rna.ao\/wp-json\/wp\/v2\/comments?post=64508"}],"version-history":[{"count":1,"href":"https:\/\/rna.ao\/rna.ao\/wp-json\/wp\/v2\/posts\/64508\/revisions"}],"predecessor-version":[{"id":64510,"href":"https:\/\/rna.ao\/rna.ao\/wp-json\/wp\/v2\/posts\/64508\/revisions\/64510"}],"wp:featuredmedia":[{"embeddable":true,"href":"https:\/\/rna.ao\/rna.ao\/wp-json\/wp\/v2\/media\/32385"}],"wp:attachment":[{"href":"https:\/\/rna.ao\/rna.ao\/wp-json\/wp\/v2\/media?parent=64508"}],"wp:term":[{"taxonomy":"category","embeddable":true,"href":"https:\/\/rna.ao\/rna.ao\/wp-json\/wp\/v2\/categories?post=64508"},{"taxonomy":"post_tag","embeddable":true,"href":"https:\/\/rna.ao\/rna.ao\/wp-json\/wp\/v2\/tags?post=64508"}],"curies":[{"name":"wp","href":"https:\/\/api.w.org\/{rel}","templated":true}]}}