{"id":64491,"date":"2022-06-03T08:07:59","date_gmt":"2022-06-03T07:07:59","guid":{"rendered":"https:\/\/rna.ao\/rna.ao\/?p=64491"},"modified":"2022-06-03T14:48:09","modified_gmt":"2022-06-03T13:48:09","slug":"presidente-joao-lourenco-pode-anunciar-hoje-a-data-da-realizacao-das-eleicoes-gerais-no-pais","status":"publish","type":"post","link":"https:\/\/rna.ao\/rna.ao\/2022\/06\/03\/presidente-joao-lourenco-pode-anunciar-hoje-a-data-da-realizacao-das-eleicoes-gerais-no-pais\/","title":{"rendered":"Presidente Jo\u00e3o Louren\u00e7o pode anunciar hoje a data da realiza\u00e7\u00e3o das Elei\u00e7\u00f5es Gerais no pa\u00eds"},"content":{"rendered":"<p><img loading=\"lazy\" class=\"size-full wp-image-64493 aligncenter\" src=\"https:\/\/rna.ao\/rna.ao\/wp-content\/uploads\/2022\/06\/Joao-Manuel-Goncalves-Lourenco-Jlo.jpg\" alt=\"\" width=\"750\" height=\"422\" \/>O Presidente da Rep\u00fablica, Jo\u00e3o Louren\u00e7o, pode anunciar hoje, 03 de Junho, a data para a realiza\u00e7\u00e3o das Elei\u00e7\u00f5es Gerais em Angola. O anuncio poder\u00e1 ser feito depois da reuni\u00e3o do Conselho da Rep\u00fablica, que acontece esta manh\u00e3. Clique, no \u00e1udio abaixo, e ou\u00e7a o jornalista Francisco Pedro com mais desenvolvimento:<\/p>\n\t<div class=\"qtmplayer-playlist-large\">\n\t\t<ul class=\"qtmplayer-playlist\">\n\t\t\t\n\t\t\t\t\t<li class=\"qtmplayer-trackitem\">\n\t\t<img src=\"https:\/\/rna.ao\/rna.ao\/wp-content\/uploads\/2022\/06\/Joao-Manuel-Goncalves-Lourenco-Jlo-1-100x100.jpg\" alt=\"cover\">\t\t<span \t\t\tdata-qtmplayer-cover=\"https:\/\/rna.ao\/rna.ao\/wp-content\/uploads\/2022\/06\/Joao-Manuel-Goncalves-Lourenco-Jlo-1.jpg\"\n\t\t\t\t\t\tdata-qtmplayer-file=\"https:\/\/rna.ao\/rna.ao\/wp-content\/uploads\/2022\/06\/FRANCISCO-PEDRO-7-HORAS.mp3\"\n\t\t\t\t\t\tdata-qtmplayer-title=\"Presidente Jo\u00e3o Louren\u00e7o pode anunciar hoje a data da realiza\u00e7\u00e3o das Elei\u00e7\u00f5es Gerais no pa\u00eds\"\n\t\t\t\t\t\tdata-qtmplayer-artist=\"RNA\"\n\t\t\t\t\t\tdata-qtmplayer-link=\"https:\/\/rna.ao\/rna.ao\/2022\/06\/03\/presidente-joao-lourenco-pode-anunciar-hoje-a-data-da-realizacao-das-eleicoes-gerais-no-pais\/\"\n\t\t\t\t\t\tdata-qtmplayer-icon=\"file_download\"\n\t\t\t\t\t\tdata-qtmplayer-type=\"track\"\n\t\t\t class=\"qtmplayer-play qtmplayer-link-sec qtmplayer-play-btn\"><i class='material-icons'>play_arrow<\/i><\/span>\n\t\t<p>\n\t\t\t<span class=\"qtmplayer-tit\">Presidente Jo\u00e3o Louren\u00e7o pode anunciar hoje a data da realiza\u00e7\u00e3o das Elei\u00e7\u00f5es Gerais no pa\u00eds<\/span>\n\t\t\t<span class=\"qtmplayer-art\">RNA<\/span>\n\t\t<\/p>\n\t<\/li>\n\t\t<\/ul>\n\t<\/div>\t\t\t\n\t\n<p>Fonte: RNA<\/p>\n","protected":false},"excerpt":{"rendered":"<p>O Presidente da Rep\u00fablica, Jo\u00e3o Louren\u00e7o, pode anunciar hoje, 03 de Junho, a data para a realiza\u00e7\u00e3o das Elei\u00e7\u00f5es Gerais em Angola. O anuncio poder\u00e1 ser feito depois da reuni\u00e3o do Conselho da Rep\u00fablica, que acontece esta manh\u00e3. Clique, no \u00e1udio abaixo, e ou\u00e7a o jornalista Francisco Pedro com mais ...<\/p>\n","protected":false},"author":8,"featured_media":64495,"comment_status":"closed","ping_status":"closed","sticky":false,"template":"","format":"standard","meta":[],"categories":[121],"tags":[],"_links":{"self":[{"href":"https:\/\/rna.ao\/rna.ao\/wp-json\/wp\/v2\/posts\/64491"}],"collection":[{"href":"https:\/\/rna.ao\/rna.ao\/wp-json\/wp\/v2\/posts"}],"about":[{"href":"https:\/\/rna.ao\/rna.ao\/wp-json\/wp\/v2\/types\/post"}],"author":[{"embeddable":true,"href":"https:\/\/rna.ao\/rna.ao\/wp-json\/wp\/v2\/users\/8"}],"replies":[{"embeddable":true,"href":"https:\/\/rna.ao\/rna.ao\/wp-json\/wp\/v2\/comments?post=64491"}],"version-history":[{"count":1,"href":"https:\/\/rna.ao\/rna.ao\/wp-json\/wp\/v2\/posts\/64491\/revisions"}],"predecessor-version":[{"id":64494,"href":"https:\/\/rna.ao\/rna.ao\/wp-json\/wp\/v2\/posts\/64491\/revisions\/64494"}],"wp:featuredmedia":[{"embeddable":true,"href":"https:\/\/rna.ao\/rna.ao\/wp-json\/wp\/v2\/media\/64495"}],"wp:attachment":[{"href":"https:\/\/rna.ao\/rna.ao\/wp-json\/wp\/v2\/media?parent=64491"}],"wp:term":[{"taxonomy":"category","embeddable":true,"href":"https:\/\/rna.ao\/rna.ao\/wp-json\/wp\/v2\/categories?post=64491"},{"taxonomy":"post_tag","embeddable":true,"href":"https:\/\/rna.ao\/rna.ao\/wp-json\/wp\/v2\/tags?post=64491"}],"curies":[{"name":"wp","href":"https:\/\/api.w.org\/{rel}","templated":true}]}}