{"id":63927,"date":"2022-05-30T15:22:54","date_gmt":"2022-05-30T14:22:54","guid":{"rendered":"https:\/\/rna.ao\/rna.ao\/?p=63927"},"modified":"2022-05-30T15:51:50","modified_gmt":"2022-05-30T14:51:50","slug":"angola-participa-no-forum-mundial-da-sociedade-de-informacao","status":"publish","type":"post","link":"https:\/\/rna.ao\/rna.ao\/2022\/05\/30\/angola-participa-no-forum-mundial-da-sociedade-de-informacao\/","title":{"rendered":"Angola participa no F\u00f3rum Mundial da Sociedade de Informa\u00e7\u00e3o"},"content":{"rendered":"<p><img loading=\"lazy\" class=\"alignnone size-full wp-image-63928 aligncenter\" src=\"https:\/\/rna.ao\/rna.ao\/wp-content\/uploads\/2022\/05\/DB39BA43-E1A0-45D5-B0D2-32B9D351658D.jpeg\" alt=\"\" width=\"625\" height=\"417\" \/>Angola participa a partir de hoje, 30 de Maio, no f\u00f3rum da sociedade de informa\u00e7\u00e3o, que decorre na sede da Uni\u00e3o Internacional das Telecomunica\u00e7\u00f5es, em Genebra.<\/p>\n<p>A delega\u00e7\u00e3o angolana ao evento \u00e9 encabe\u00e7ada pelo Secret\u00e1rio de Estado para as Telecomunica\u00e7\u00f5es e Tecnologias de Informa\u00e7\u00e3o, M\u00e1rio Augusto de Oliveira.<\/p>\n<p>O f\u00f3rum, a decorrer at\u00e9 ao dia 4 de Junho, vai fornecer oportunidades estruturadas \u00e0 Angola para interagir, aprender e participar em discuss\u00f5es e consultas com v\u00e1rias partes, igualmente interessadas na implementa\u00e7\u00e3o do programa do F\u00f3rum Mundial da sociedade de informa\u00e7\u00e3o.<br \/>\nAngola ir\u00e1 intervir, durante as sess\u00f5es pol\u00edticas de alto n\u00edvel, programadas para o per\u00edodo de 31 de Maio a 2 de junho.<\/p>\n<p>O f\u00f3rum mundial da sociedade de informa\u00e7\u00e3o 2022, organizado pela Uni\u00e3o Internacional de Telecomunica\u00e7\u00f5es representa o maior encontro anual do mundo da comunidade das TIC.<\/p>\n","protected":false},"excerpt":{"rendered":"<p>Angola participa a partir de hoje, 30 de Maio, no f\u00f3rum da sociedade de informa\u00e7\u00e3o, que decorre na sede da Uni\u00e3o Internacional das Telecomunica\u00e7\u00f5es, em Genebra. A delega\u00e7\u00e3o angolana ao evento \u00e9 encabe\u00e7ada pelo Secret\u00e1rio de Estado para as Telecomunica\u00e7\u00f5es e Tecnologias de Informa\u00e7\u00e3o, M\u00e1rio Augusto de Oliveira. O f\u00f3rum, ...<\/p>\n","protected":false},"author":8,"featured_media":63928,"comment_status":"closed","ping_status":"closed","sticky":false,"template":"","format":"standard","meta":[],"categories":[142,121,163],"tags":[],"_links":{"self":[{"href":"https:\/\/rna.ao\/rna.ao\/wp-json\/wp\/v2\/posts\/63927"}],"collection":[{"href":"https:\/\/rna.ao\/rna.ao\/wp-json\/wp\/v2\/posts"}],"about":[{"href":"https:\/\/rna.ao\/rna.ao\/wp-json\/wp\/v2\/types\/post"}],"author":[{"embeddable":true,"href":"https:\/\/rna.ao\/rna.ao\/wp-json\/wp\/v2\/users\/8"}],"replies":[{"embeddable":true,"href":"https:\/\/rna.ao\/rna.ao\/wp-json\/wp\/v2\/comments?post=63927"}],"version-history":[{"count":3,"href":"https:\/\/rna.ao\/rna.ao\/wp-json\/wp\/v2\/posts\/63927\/revisions"}],"predecessor-version":[{"id":63938,"href":"https:\/\/rna.ao\/rna.ao\/wp-json\/wp\/v2\/posts\/63927\/revisions\/63938"}],"wp:featuredmedia":[{"embeddable":true,"href":"https:\/\/rna.ao\/rna.ao\/wp-json\/wp\/v2\/media\/63928"}],"wp:attachment":[{"href":"https:\/\/rna.ao\/rna.ao\/wp-json\/wp\/v2\/media?parent=63927"}],"wp:term":[{"taxonomy":"category","embeddable":true,"href":"https:\/\/rna.ao\/rna.ao\/wp-json\/wp\/v2\/categories?post=63927"},{"taxonomy":"post_tag","embeddable":true,"href":"https:\/\/rna.ao\/rna.ao\/wp-json\/wp\/v2\/tags?post=63927"}],"curies":[{"name":"wp","href":"https:\/\/api.w.org\/{rel}","templated":true}]}}