{"id":63922,"date":"2022-05-30T15:03:30","date_gmt":"2022-05-30T14:03:30","guid":{"rendered":"https:\/\/rna.ao\/rna.ao\/?p=63922"},"modified":"2022-05-30T15:46:54","modified_gmt":"2022-05-30T14:46:54","slug":"embaixador-de-portugal-em-angola-garante-estar-a-trabalhar-para-a-melhoria-da-circulacao-dos-cidadaos-entre-os-dois-paises","status":"publish","type":"post","link":"https:\/\/rna.ao\/rna.ao\/2022\/05\/30\/embaixador-de-portugal-em-angola-garante-estar-a-trabalhar-para-a-melhoria-da-circulacao-dos-cidadaos-entre-os-dois-paises\/","title":{"rendered":"Embaixador de Portugal em Angola garante estar a  trabalhar para a melhoria da circula\u00e7\u00e3o dos cidad\u00e3os entre os dois pa\u00edses"},"content":{"rendered":"<p><img loading=\"lazy\" class=\"alignnone size-full wp-image-63924\" src=\"https:\/\/rna.ao\/rna.ao\/wp-content\/uploads\/2022\/05\/F90392F6-2E21-491D-AAF8-DF4B017899BA.jpeg\" alt=\"\" width=\"350\" height=\"350\" srcset=\"https:\/\/rna.ao\/rna.ao\/wp-content\/uploads\/2022\/05\/F90392F6-2E21-491D-AAF8-DF4B017899BA.jpeg 350w, https:\/\/rna.ao\/rna.ao\/wp-content\/uploads\/2022\/05\/F90392F6-2E21-491D-AAF8-DF4B017899BA-150x150.jpeg 150w, https:\/\/rna.ao\/rna.ao\/wp-content\/uploads\/2022\/05\/F90392F6-2E21-491D-AAF8-DF4B017899BA-100x100.jpeg 100w\" sizes=\"(max-width: 350px) 100vw, 350px\" \/><br \/>\nO embaixador de Portugal em Angola afirmou que est\u00e1 a trabalhar para a melhoria da circula\u00e7\u00e3o dos cidad\u00e3os entre os dois pa\u00edses.<\/p>\n<p>Francisco Duarte que visitou esta manh\u00e3 os est\u00fadios centrais da r\u00e1dio nacional de Angola disse estar tamb\u00e9m empenhado, na melhoria das rela\u00e7\u00f5es econ\u00f3micas entre Angola e Portugal. Clique no audio abaixo e ou\u00e7a.<\/p>\n\t<div class=\"qtmplayer-playlist-large\">\n\t\t<ul class=\"qtmplayer-playlist\">\n\t\t\t\n\t\t\t\t\t<li class=\"qtmplayer-trackitem\">\n\t\t<img src=\"https:\/\/rna.ao\/rna.ao\/wp-content\/uploads\/2022\/05\/F90392F6-2E21-491D-AAF8-DF4B017899BA-100x100.jpeg\" alt=\"cover\">\t\t<span \t\t\tdata-qtmplayer-cover=\"https:\/\/rna.ao\/rna.ao\/wp-content\/uploads\/2022\/05\/F90392F6-2E21-491D-AAF8-DF4B017899BA.jpeg\"\n\t\t\t\t\t\tdata-qtmplayer-file=\"https:\/\/rna.ao\/rna.ao\/wp-content\/uploads\/2022\/05\/EMBAIXADOR-PORTUGUES-1-13HRS.mp3\"\n\t\t\t\t\t\tdata-qtmplayer-title=\"Embaixador de Portugal em Angola garante estar a  trabalhar para a melhoria da circula\u00e7\u00e3o dos cidad\u00e3os entre os dois pa\u00edses\"\n\t\t\t\t\t\tdata-qtmplayer-artist=\"RNA\"\n\t\t\t\t\t\tdata-qtmplayer-link=\"https:\/\/rna.ao\/rna.ao\/2022\/05\/30\/embaixador-de-portugal-em-angola-garante-estar-a-trabalhar-para-a-melhoria-da-circulacao-dos-cidadaos-entre-os-dois-paises\/\"\n\t\t\t\t\t\tdata-qtmplayer-icon=\"file_download\"\n\t\t\t\t\t\tdata-qtmplayer-type=\"track\"\n\t\t\t class=\"qtmplayer-play qtmplayer-link-sec qtmplayer-play-btn\"><i class='material-icons'>play_arrow<\/i><\/span>\n\t\t<p>\n\t\t\t<span class=\"qtmplayer-tit\">Embaixador de Portugal em Angola garante estar a  trabalhar para a melhoria da circula\u00e7\u00e3o dos cidad\u00e3os entre os dois pa\u00edses<\/span>\n\t\t\t<span class=\"qtmplayer-art\">RNA<\/span>\n\t\t<\/p>\n\t<\/li>\n\t\t<\/ul>\n\t<\/div>\t\t\t\n\t\n","protected":false},"excerpt":{"rendered":"<p>O embaixador de Portugal em Angola afirmou que est\u00e1 a trabalhar para a melhoria da circula\u00e7\u00e3o dos cidad\u00e3os entre os dois pa\u00edses. Francisco Duarte que visitou esta manh\u00e3 os est\u00fadios centrais da r\u00e1dio nacional de Angola disse estar tamb\u00e9m empenhado, na melhoria das rela\u00e7\u00f5es econ\u00f3micas entre Angola e Portugal. Clique ...<\/p>\n","protected":false},"author":8,"featured_media":63924,"comment_status":"closed","ping_status":"closed","sticky":false,"template":"","format":"standard","meta":[],"categories":[142,121,163],"tags":[],"_links":{"self":[{"href":"https:\/\/rna.ao\/rna.ao\/wp-json\/wp\/v2\/posts\/63922"}],"collection":[{"href":"https:\/\/rna.ao\/rna.ao\/wp-json\/wp\/v2\/posts"}],"about":[{"href":"https:\/\/rna.ao\/rna.ao\/wp-json\/wp\/v2\/types\/post"}],"author":[{"embeddable":true,"href":"https:\/\/rna.ao\/rna.ao\/wp-json\/wp\/v2\/users\/8"}],"replies":[{"embeddable":true,"href":"https:\/\/rna.ao\/rna.ao\/wp-json\/wp\/v2\/comments?post=63922"}],"version-history":[{"count":2,"href":"https:\/\/rna.ao\/rna.ao\/wp-json\/wp\/v2\/posts\/63922\/revisions"}],"predecessor-version":[{"id":63934,"href":"https:\/\/rna.ao\/rna.ao\/wp-json\/wp\/v2\/posts\/63922\/revisions\/63934"}],"wp:featuredmedia":[{"embeddable":true,"href":"https:\/\/rna.ao\/rna.ao\/wp-json\/wp\/v2\/media\/63924"}],"wp:attachment":[{"href":"https:\/\/rna.ao\/rna.ao\/wp-json\/wp\/v2\/media?parent=63922"}],"wp:term":[{"taxonomy":"category","embeddable":true,"href":"https:\/\/rna.ao\/rna.ao\/wp-json\/wp\/v2\/categories?post=63922"},{"taxonomy":"post_tag","embeddable":true,"href":"https:\/\/rna.ao\/rna.ao\/wp-json\/wp\/v2\/tags?post=63922"}],"curies":[{"name":"wp","href":"https:\/\/api.w.org\/{rel}","templated":true}]}}