{"id":63915,"date":"2022-05-30T13:09:54","date_gmt":"2022-05-30T12:09:54","guid":{"rendered":"https:\/\/rna.ao\/rna.ao\/?p=63915"},"modified":"2022-05-30T14:49:19","modified_gmt":"2022-05-30T13:49:19","slug":"pr-convoca-conselho-de-republica-para-consultas-sobre-a-data-das-eleicoes","status":"publish","type":"post","link":"https:\/\/rna.ao\/rna.ao\/2022\/05\/30\/pr-convoca-conselho-de-republica-para-consultas-sobre-a-data-das-eleicoes\/","title":{"rendered":"PR convoca Conselho da Rep\u00fablica para consultas sobre a data das elei\u00e7\u00f5es."},"content":{"rendered":"<p><img loading=\"lazy\" class=\"alignnone size-medium wp-image-61554\" src=\"https:\/\/rna.ao\/rna.ao\/wp-content\/uploads\/2022\/05\/joao-lourenco-2-770x449.jpg\" alt=\"\" width=\"770\" height=\"449\" srcset=\"https:\/\/rna.ao\/rna.ao\/wp-content\/uploads\/2022\/05\/joao-lourenco-2-770x449.jpg 770w, https:\/\/rna.ao\/rna.ao\/wp-content\/uploads\/2022\/05\/joao-lourenco-2-768x448.jpg 768w, https:\/\/rna.ao\/rna.ao\/wp-content\/uploads\/2022\/05\/joao-lourenco-2.jpg 933w\" sizes=\"(max-width: 770px) 100vw, 770px\" \/><\/p>\n<p>O Presidente da Rep\u00fablica, Jo\u00e3o Louren\u00e7o, vai consultar os membros do Conselho da Rep\u00fablica sobre a data para a realiza\u00e7\u00e3o das elei\u00e7\u00f5es gerais.<\/p>\n<p>A reuni\u00e3o est\u00e1 marcada para sexta-feira, dia 3 de Junho, na sala do Conselho de Ministros, no Pal\u00e1cio Presidencial.<\/p>\n<p>Segundo uma nota da Casa Civil do Presidente da Rep\u00fablica, a quarta reuni\u00e3o ordin\u00e1ria do Conselho da Rep\u00fablica tem como objectivo consultar os seus membros sobre a data para a realiza\u00e7\u00e3o das Elei\u00e7\u00f5es Gerais em Angola.<\/p>\n","protected":false},"excerpt":{"rendered":"<p>O Presidente da Rep\u00fablica, Jo\u00e3o Louren\u00e7o, vai consultar os membros do Conselho da Rep\u00fablica sobre a data para a realiza\u00e7\u00e3o das elei\u00e7\u00f5es gerais. A reuni\u00e3o est\u00e1 marcada para sexta-feira, dia 3 de Junho, na sala do Conselho de Ministros, no Pal\u00e1cio Presidencial. Segundo uma nota da Casa Civil do Presidente ...<\/p>\n","protected":false},"author":8,"featured_media":61554,"comment_status":"closed","ping_status":"closed","sticky":false,"template":"","format":"standard","meta":[],"categories":[142,121,164,163],"tags":[],"_links":{"self":[{"href":"https:\/\/rna.ao\/rna.ao\/wp-json\/wp\/v2\/posts\/63915"}],"collection":[{"href":"https:\/\/rna.ao\/rna.ao\/wp-json\/wp\/v2\/posts"}],"about":[{"href":"https:\/\/rna.ao\/rna.ao\/wp-json\/wp\/v2\/types\/post"}],"author":[{"embeddable":true,"href":"https:\/\/rna.ao\/rna.ao\/wp-json\/wp\/v2\/users\/8"}],"replies":[{"embeddable":true,"href":"https:\/\/rna.ao\/rna.ao\/wp-json\/wp\/v2\/comments?post=63915"}],"version-history":[{"count":2,"href":"https:\/\/rna.ao\/rna.ao\/wp-json\/wp\/v2\/posts\/63915\/revisions"}],"predecessor-version":[{"id":63919,"href":"https:\/\/rna.ao\/rna.ao\/wp-json\/wp\/v2\/posts\/63915\/revisions\/63919"}],"wp:featuredmedia":[{"embeddable":true,"href":"https:\/\/rna.ao\/rna.ao\/wp-json\/wp\/v2\/media\/61554"}],"wp:attachment":[{"href":"https:\/\/rna.ao\/rna.ao\/wp-json\/wp\/v2\/media?parent=63915"}],"wp:term":[{"taxonomy":"category","embeddable":true,"href":"https:\/\/rna.ao\/rna.ao\/wp-json\/wp\/v2\/categories?post=63915"},{"taxonomy":"post_tag","embeddable":true,"href":"https:\/\/rna.ao\/rna.ao\/wp-json\/wp\/v2\/tags?post=63915"}],"curies":[{"name":"wp","href":"https:\/\/api.w.org\/{rel}","templated":true}]}}