{"id":63819,"date":"2022-05-29T09:04:51","date_gmt":"2022-05-29T08:04:51","guid":{"rendered":"https:\/\/rna.ao\/rna.ao\/?p=63819"},"modified":"2022-05-29T09:14:44","modified_gmt":"2022-05-29T08:14:44","slug":"uniao-africana-homenageia-joao-lourenco-como-campeao-da-paz-em-africa","status":"publish","type":"post","link":"https:\/\/rna.ao\/rna.ao\/2022\/05\/29\/uniao-africana-homenageia-joao-lourenco-como-campeao-da-paz-em-africa\/","title":{"rendered":"Uni\u00e3o Africana homenageia Jo\u00e3o Louren\u00e7o como campe\u00e3o da paz em \u00c1frica"},"content":{"rendered":"<p><img loading=\"lazy\" class=\"size-medium wp-image-63821 aligncenter\" src=\"https:\/\/rna.ao\/rna.ao\/wp-content\/uploads\/2022\/05\/JLO-Uniao-Africana-770x513.jpg\" alt=\"\" width=\"770\" height=\"513\" srcset=\"https:\/\/rna.ao\/rna.ao\/wp-content\/uploads\/2022\/05\/JLO-Uniao-Africana-770x513.jpg 770w, https:\/\/rna.ao\/rna.ao\/wp-content\/uploads\/2022\/05\/JLO-Uniao-Africana-768x512.jpg 768w, https:\/\/rna.ao\/rna.ao\/wp-content\/uploads\/2022\/05\/JLO-Uniao-Africana.jpg 960w\" sizes=\"(max-width: 770px) 100vw, 770px\" \/>O Presidente da Rep\u00fablica de Angola, Jo\u00e3o Louren\u00e7o, foi distinguido com o t\u00edtulo de campe\u00e3o da paz, reconcilia\u00e7\u00e3o pela Uni\u00e3o Africana. A distin\u00e7\u00e3o foi feita neste s\u00e1bado, 28\/05, em Malabo, no fecho da Cimeira de Chefes de Estado e de Governo da Uni\u00e3o Africana decorrida na Guin\u00e9 Equatorial. O t\u00edtulo \u00e9 fruto dos esfor\u00e7os de Angola, com Jo\u00e3o Louren\u00e7o na lideran\u00e7a da Confer\u00eancia Internacional sobre a Regi\u00e3o dos Grandes Lagos na busca da paz, di\u00e1logo e estabilidade em v\u00e1rios pa\u00edses do continente ber\u00e7o. Clique, no \u00e1udio abaixo, e saiba mais dados com os enviados especiais da RNA Janu\u00e1rio da Fonseca e Manuel Esperan\u00e7a:<\/p>\n\t<div class=\"qtmplayer-playlist-large\">\n\t\t<ul class=\"qtmplayer-playlist\">\n\t\t\t\n\t\t\t\t\t<li class=\"qtmplayer-trackitem\">\n\t\t<img src=\"https:\/\/rna.ao\/rna.ao\/wp-content\/uploads\/2022\/05\/JLO-Uniao-Africana-1-100x100.jpg\" alt=\"cover\">\t\t<span \t\t\tdata-qtmplayer-cover=\"https:\/\/rna.ao\/rna.ao\/wp-content\/uploads\/2022\/05\/JLO-Uniao-Africana-1.jpg\"\n\t\t\t\t\t\tdata-qtmplayer-file=\"https:\/\/rna.ao\/rna.ao\/wp-content\/uploads\/2022\/05\/ESPERANCA-MALABO.mp3\"\n\t\t\t\t\t\tdata-qtmplayer-title=\"Uni\u00e3o Africana homenageia Jo\u00e3o Louren\u00e7o como campe\u00e3o da paz em \u00c1frica\"\n\t\t\t\t\t\tdata-qtmplayer-artist=\"RNA\"\n\t\t\t\t\t\tdata-qtmplayer-link=\"https:\/\/rna.ao\/rna.ao\/2022\/05\/29\/uniao-africana-homenageia-joao-lourenco-como-campeao-da-paz-em-africa\/\"\n\t\t\t\t\t\tdata-qtmplayer-icon=\"file_download\"\n\t\t\t\t\t\tdata-qtmplayer-type=\"track\"\n\t\t\t class=\"qtmplayer-play qtmplayer-link-sec qtmplayer-play-btn\"><i class='material-icons'>play_arrow<\/i><\/span>\n\t\t<p>\n\t\t\t<span class=\"qtmplayer-tit\">Uni\u00e3o Africana homenageia Jo\u00e3o Louren\u00e7o como campe\u00e3o da paz em \u00c1frica<\/span>\n\t\t\t<span class=\"qtmplayer-art\">RNA<\/span>\n\t\t<\/p>\n\t<\/li>\n\t\t<\/ul>\n\t<\/div>\t\t\t\n\t\n<p>Fonte: RNA<\/p>\n","protected":false},"excerpt":{"rendered":"<p>O Presidente da Rep\u00fablica de Angola, Jo\u00e3o Louren\u00e7o, foi distinguido com o t\u00edtulo de campe\u00e3o da paz, reconcilia\u00e7\u00e3o pela Uni\u00e3o Africana. A distin\u00e7\u00e3o foi feita neste s\u00e1bado, 28\/05, em Malabo, no fecho da Cimeira de Chefes de Estado e de Governo da Uni\u00e3o Africana decorrida na Guin\u00e9 Equatorial. O t\u00edtulo ...<\/p>\n","protected":false},"author":8,"featured_media":63822,"comment_status":"closed","ping_status":"closed","sticky":false,"template":"","format":"standard","meta":[],"categories":[121,163],"tags":[],"_links":{"self":[{"href":"https:\/\/rna.ao\/rna.ao\/wp-json\/wp\/v2\/posts\/63819"}],"collection":[{"href":"https:\/\/rna.ao\/rna.ao\/wp-json\/wp\/v2\/posts"}],"about":[{"href":"https:\/\/rna.ao\/rna.ao\/wp-json\/wp\/v2\/types\/post"}],"author":[{"embeddable":true,"href":"https:\/\/rna.ao\/rna.ao\/wp-json\/wp\/v2\/users\/8"}],"replies":[{"embeddable":true,"href":"https:\/\/rna.ao\/rna.ao\/wp-json\/wp\/v2\/comments?post=63819"}],"version-history":[{"count":2,"href":"https:\/\/rna.ao\/rna.ao\/wp-json\/wp\/v2\/posts\/63819\/revisions"}],"predecessor-version":[{"id":63824,"href":"https:\/\/rna.ao\/rna.ao\/wp-json\/wp\/v2\/posts\/63819\/revisions\/63824"}],"wp:featuredmedia":[{"embeddable":true,"href":"https:\/\/rna.ao\/rna.ao\/wp-json\/wp\/v2\/media\/63822"}],"wp:attachment":[{"href":"https:\/\/rna.ao\/rna.ao\/wp-json\/wp\/v2\/media?parent=63819"}],"wp:term":[{"taxonomy":"category","embeddable":true,"href":"https:\/\/rna.ao\/rna.ao\/wp-json\/wp\/v2\/categories?post=63819"},{"taxonomy":"post_tag","embeddable":true,"href":"https:\/\/rna.ao\/rna.ao\/wp-json\/wp\/v2\/tags?post=63819"}],"curies":[{"name":"wp","href":"https:\/\/api.w.org\/{rel}","templated":true}]}}