{"id":63631,"date":"2022-05-26T22:27:31","date_gmt":"2022-05-26T21:27:31","guid":{"rendered":"https:\/\/rna.ao\/rna.ao\/?p=63631"},"modified":"2022-05-26T22:27:31","modified_gmt":"2022-05-26T21:27:31","slug":"morreu-deputado-da-unita-vitima-de-doenca","status":"publish","type":"post","link":"https:\/\/rna.ao\/rna.ao\/2022\/05\/26\/morreu-deputado-da-unita-vitima-de-doenca\/","title":{"rendered":"MORREU DEPUTADO DA UNITA V\u00cdTIMA DE DOEN\u00c7A."},"content":{"rendered":"<p><img loading=\"lazy\" class=\"alignnone size-medium wp-image-63632\" src=\"https:\/\/rna.ao\/rna.ao\/wp-content\/uploads\/2022\/05\/D853C637-6898-4EE6-9C6D-A7BC85583B99-525x770.jpeg\" alt=\"\" width=\"525\" height=\"770\" srcset=\"https:\/\/rna.ao\/rna.ao\/wp-content\/uploads\/2022\/05\/D853C637-6898-4EE6-9C6D-A7BC85583B99-525x770.jpeg 525w, https:\/\/rna.ao\/rna.ao\/wp-content\/uploads\/2022\/05\/D853C637-6898-4EE6-9C6D-A7BC85583B99-798x1170.jpeg 798w, https:\/\/rna.ao\/rna.ao\/wp-content\/uploads\/2022\/05\/D853C637-6898-4EE6-9C6D-A7BC85583B99-768x1126.jpeg 768w, https:\/\/rna.ao\/rna.ao\/wp-content\/uploads\/2022\/05\/D853C637-6898-4EE6-9C6D-A7BC85583B99.jpeg 873w\" sizes=\"(max-width: 525px) 100vw, 525px\" \/><\/p>\n<p>Morreu o deputado Am\u00edlcar Campos Colela.<\/p>\n<p>O deputado, que pertencia ao Grupo Parlamentar da UNITA, morreu esta quinta-feira, 26 de Maio, v\u00edtima de doen\u00e7a.<\/p>\n<p>Numa nota de condol\u00eancias dirigida \u00e0 fam\u00edlia do malogrado e ao Grupo Parlamentar da UNITA, o Presidente da Assembleia Nacional lamenta a morte de Am\u00edlcar Colela.<\/p>\n<p>Fernando da Piedade Dias dos Santos diz ter tomado conhecimento do falecimento do parlamentar com profunda dor e consterna\u00e7\u00e3o.<\/p>\n<p>\u201cNeste momento de profunda dor, em meu nome, dos deputados, funcion\u00e1rios e agentes parlamentares, manifesto a fam\u00edlia enlutada e ao Grupo Parlamentar da UNITA, as mais sentidas condol\u00eancias pela partida prematura\u201d, escreve o Presidente da Assembleia Nacional.<\/p>\n","protected":false},"excerpt":{"rendered":"<p>Morreu o deputado Am\u00edlcar Campos Colela. O deputado, que pertencia ao Grupo Parlamentar da UNITA, morreu esta quinta-feira, 26 de Maio, v\u00edtima de doen\u00e7a. Numa nota de condol\u00eancias dirigida \u00e0 fam\u00edlia do malogrado e ao Grupo Parlamentar da UNITA, o Presidente da Assembleia Nacional lamenta a morte de Am\u00edlcar Colela. ...<\/p>\n","protected":false},"author":8,"featured_media":63632,"comment_status":"closed","ping_status":"closed","sticky":false,"template":"","format":"standard","meta":[],"categories":[142,121,164,163],"tags":[],"_links":{"self":[{"href":"https:\/\/rna.ao\/rna.ao\/wp-json\/wp\/v2\/posts\/63631"}],"collection":[{"href":"https:\/\/rna.ao\/rna.ao\/wp-json\/wp\/v2\/posts"}],"about":[{"href":"https:\/\/rna.ao\/rna.ao\/wp-json\/wp\/v2\/types\/post"}],"author":[{"embeddable":true,"href":"https:\/\/rna.ao\/rna.ao\/wp-json\/wp\/v2\/users\/8"}],"replies":[{"embeddable":true,"href":"https:\/\/rna.ao\/rna.ao\/wp-json\/wp\/v2\/comments?post=63631"}],"version-history":[{"count":1,"href":"https:\/\/rna.ao\/rna.ao\/wp-json\/wp\/v2\/posts\/63631\/revisions"}],"predecessor-version":[{"id":63633,"href":"https:\/\/rna.ao\/rna.ao\/wp-json\/wp\/v2\/posts\/63631\/revisions\/63633"}],"wp:featuredmedia":[{"embeddable":true,"href":"https:\/\/rna.ao\/rna.ao\/wp-json\/wp\/v2\/media\/63632"}],"wp:attachment":[{"href":"https:\/\/rna.ao\/rna.ao\/wp-json\/wp\/v2\/media?parent=63631"}],"wp:term":[{"taxonomy":"category","embeddable":true,"href":"https:\/\/rna.ao\/rna.ao\/wp-json\/wp\/v2\/categories?post=63631"},{"taxonomy":"post_tag","embeddable":true,"href":"https:\/\/rna.ao\/rna.ao\/wp-json\/wp\/v2\/tags?post=63631"}],"curies":[{"name":"wp","href":"https:\/\/api.w.org\/{rel}","templated":true}]}}