{"id":63619,"date":"2022-05-26T19:36:01","date_gmt":"2022-05-26T18:36:01","guid":{"rendered":"https:\/\/rna.ao\/rna.ao\/?p=63619"},"modified":"2022-05-26T19:36:01","modified_gmt":"2022-05-26T18:36:01","slug":"chefes-de-estado-e-de-governo-discutem-em-malabo-situacao-humanitaria-em-africa","status":"publish","type":"post","link":"https:\/\/rna.ao\/rna.ao\/2022\/05\/26\/chefes-de-estado-e-de-governo-discutem-em-malabo-situacao-humanitaria-em-africa\/","title":{"rendered":"Chefes de Estado e de Governo discutem, em Malabo, situa\u00e7\u00e3o humanit\u00e1ria em \u00c1frica"},"content":{"rendered":"<p><img loading=\"lazy\" class=\" wp-image-63622 alignleft\" src=\"https:\/\/rna.ao\/rna.ao\/wp-content\/uploads\/2022\/05\/safe_image.jpg\" alt=\"\" width=\"366\" height=\"191\" \/>O Presidente da Republica, Jo\u00e3o Louren\u00e7o, participar\u00e1 nesta sexta-feira, 27 de Maio, em Malabo, na Guine Equatorial, na Cimeira Humanit\u00e1ria e na Conferencia de Doadores. O Chefe de Estado angolano deixou esta quinta-feira, 26\/05, Luanda com destino \u00e0quele pa\u00eds africano, para participar destas duas conferencias de alto n\u00edvel, promovidas pela Uni\u00e3o Africana. \u00a0Clique, no \u00e1udio abaixo, e ou\u00e7a o essencial da agenda de Jo\u00e3o Louren\u00e7o com o porta-voz da Presid\u00eancia da Republica, Lu\u00eds Fernando:<\/p>\n\t<div class=\"qtmplayer-playlist-large\">\n\t\t<ul class=\"qtmplayer-playlist\">\n\t\t\t\n\t\t\t\t\t<li class=\"qtmplayer-trackitem\">\n\t\t<img src=\"https:\/\/rna.ao\/rna.ao\/wp-content\/uploads\/2020\/12\/JLO-CIRGL-100x100.jpg\" alt=\"cover\">\t\t<span \t\t\tdata-qtmplayer-cover=\"https:\/\/rna.ao\/rna.ao\/wp-content\/uploads\/2020\/12\/JLO-CIRGL.jpg\"\n\t\t\t\t\t\tdata-qtmplayer-file=\"https:\/\/rna.ao\/rna.ao\/wp-content\/uploads\/2022\/05\/LUIS-FERNANDO.mp3\"\n\t\t\t\t\t\tdata-qtmplayer-title=\"Chefes de Estado e de Governo discutem, em Malabo, situa\u00e7\u00e3o humanit\u00e1ria em \u00c1frica\"\n\t\t\t\t\t\tdata-qtmplayer-artist=\"RNA\"\n\t\t\t\t\t\tdata-qtmplayer-link=\"https:\/\/rna.ao\/rna.ao\/2022\/05\/26\/chefes-de-estado-e-de-governo-discutem-em-malabo-situacao-humanitaria-em-africa\/\"\n\t\t\t\t\t\tdata-qtmplayer-icon=\"file_download\"\n\t\t\t\t\t\tdata-qtmplayer-type=\"track\"\n\t\t\t class=\"qtmplayer-play qtmplayer-link-sec qtmplayer-play-btn\"><i class='material-icons'>play_arrow<\/i><\/span>\n\t\t<p>\n\t\t\t<span class=\"qtmplayer-tit\">Chefes de Estado e de Governo discutem, em Malabo, situa\u00e7\u00e3o humanit\u00e1ria em \u00c1frica<\/span>\n\t\t\t<span class=\"qtmplayer-art\">RNA<\/span>\n\t\t<\/p>\n\t<\/li>\n\t\t<\/ul>\n\t<\/div>\t\t\t\n\t\n<p>Fonte: RNA<\/p>\n","protected":false},"excerpt":{"rendered":"<p>O Presidente da Republica, Jo\u00e3o Louren\u00e7o, participar\u00e1 nesta sexta-feira, 27 de Maio, em Malabo, na Guine Equatorial, na Cimeira Humanit\u00e1ria e na Conferencia de Doadores. O Chefe de Estado angolano deixou esta quinta-feira, 26\/05, Luanda com destino \u00e0quele pa\u00eds africano, para participar destas duas conferencias de alto n\u00edvel, promovidas pela ...<\/p>\n","protected":false},"author":8,"featured_media":13697,"comment_status":"closed","ping_status":"closed","sticky":false,"template":"","format":"standard","meta":[],"categories":[142,121,163],"tags":[],"_links":{"self":[{"href":"https:\/\/rna.ao\/rna.ao\/wp-json\/wp\/v2\/posts\/63619"}],"collection":[{"href":"https:\/\/rna.ao\/rna.ao\/wp-json\/wp\/v2\/posts"}],"about":[{"href":"https:\/\/rna.ao\/rna.ao\/wp-json\/wp\/v2\/types\/post"}],"author":[{"embeddable":true,"href":"https:\/\/rna.ao\/rna.ao\/wp-json\/wp\/v2\/users\/8"}],"replies":[{"embeddable":true,"href":"https:\/\/rna.ao\/rna.ao\/wp-json\/wp\/v2\/comments?post=63619"}],"version-history":[{"count":3,"href":"https:\/\/rna.ao\/rna.ao\/wp-json\/wp\/v2\/posts\/63619\/revisions"}],"predecessor-version":[{"id":63627,"href":"https:\/\/rna.ao\/rna.ao\/wp-json\/wp\/v2\/posts\/63619\/revisions\/63627"}],"wp:featuredmedia":[{"embeddable":true,"href":"https:\/\/rna.ao\/rna.ao\/wp-json\/wp\/v2\/media\/13697"}],"wp:attachment":[{"href":"https:\/\/rna.ao\/rna.ao\/wp-json\/wp\/v2\/media?parent=63619"}],"wp:term":[{"taxonomy":"category","embeddable":true,"href":"https:\/\/rna.ao\/rna.ao\/wp-json\/wp\/v2\/categories?post=63619"},{"taxonomy":"post_tag","embeddable":true,"href":"https:\/\/rna.ao\/rna.ao\/wp-json\/wp\/v2\/tags?post=63619"}],"curies":[{"name":"wp","href":"https:\/\/api.w.org\/{rel}","templated":true}]}}