{"id":63609,"date":"2022-05-26T18:17:07","date_gmt":"2022-05-26T17:17:07","guid":{"rendered":"https:\/\/rna.ao\/rna.ao\/?p=63609"},"modified":"2022-05-26T18:17:07","modified_gmt":"2022-05-26T17:17:07","slug":"angola-registou-em-2021-mais-de-duas-mil-mortes-em-acidentes-de-viacao","status":"publish","type":"post","link":"https:\/\/rna.ao\/rna.ao\/2022\/05\/26\/angola-registou-em-2021-mais-de-duas-mil-mortes-em-acidentes-de-viacao\/","title":{"rendered":"Angola registou, em 2021, mais de duas mil mortes em acidentes de via\u00e7\u00e3o"},"content":{"rendered":"<p><img loading=\"lazy\" class=\"size-full wp-image-36679 alignleft\" src=\"https:\/\/rna.ao\/rna.ao\/wp-content\/uploads\/2021\/09\/Ricardo-DAbreu-22.jpg\" alt=\"\" width=\"307\" height=\"251\" \/>Angola registou, em 2021, mais de duas mil mortes causadas por acidentes rodovi\u00e1rios. Os dados foram avan\u00e7ados pelo Ministro dos Transportes, Ricardo D\u2019Abreu, durante a Confer\u00eancia Internacional sobre Sinistralidade e Seguran\u00e7a Rodovi\u00e1ria que decorre em Luanda. Saiba mais, no \u00e1udio abaixo, com a rep\u00f3rter Paulina da Concei\u00e7\u00e3o:<\/p>\n\t<div class=\"qtmplayer-playlist-large\">\n\t\t<ul class=\"qtmplayer-playlist\">\n\t\t\t\n\t\t\t\t\t<li class=\"qtmplayer-trackitem\">\n\t\t<img src=\"https:\/\/rna.ao\/rna.ao\/wp-content\/uploads\/2021\/09\/Ricardo-DAbreu-22-100x100.jpg\" alt=\"cover\">\t\t<span \t\t\tdata-qtmplayer-cover=\"https:\/\/rna.ao\/rna.ao\/wp-content\/uploads\/2021\/09\/Ricardo-DAbreu-22.jpg\"\n\t\t\t\t\t\tdata-qtmplayer-file=\"https:\/\/rna.ao\/rna.ao\/wp-content\/uploads\/2022\/05\/PAULINA-DA-CONCEICAOA.mp3\"\n\t\t\t\t\t\tdata-qtmplayer-title=\"Angola registou, em 2021, mais de duas mil mortes em acidentes de via\u00e7\u00e3o\"\n\t\t\t\t\t\tdata-qtmplayer-artist=\"RNA\"\n\t\t\t\t\t\tdata-qtmplayer-link=\"https:\/\/rna.ao\/rna.ao\/2022\/05\/26\/angola-registou-em-2021-mais-de-duas-mil-mortes-em-acidentes-de-viacao\/\"\n\t\t\t\t\t\tdata-qtmplayer-icon=\"file_download\"\n\t\t\t\t\t\tdata-qtmplayer-type=\"track\"\n\t\t\t class=\"qtmplayer-play qtmplayer-link-sec qtmplayer-play-btn\"><i class='material-icons'>play_arrow<\/i><\/span>\n\t\t<p>\n\t\t\t<span class=\"qtmplayer-tit\">Angola registou, em 2021, mais de duas mil mortes em acidentes de via\u00e7\u00e3o<\/span>\n\t\t\t<span class=\"qtmplayer-art\">RNA<\/span>\n\t\t<\/p>\n\t<\/li>\n\t\t<\/ul>\n\t<\/div>\t\t\t\n\t\n<p>Fonte: RNA<\/p>\n","protected":false},"excerpt":{"rendered":"<p>Angola registou, em 2021, mais de duas mil mortes causadas por acidentes rodovi\u00e1rios. Os dados foram avan\u00e7ados pelo Ministro dos Transportes, Ricardo D\u2019Abreu, durante a Confer\u00eancia Internacional sobre Sinistralidade e Seguran\u00e7a Rodovi\u00e1ria que decorre em Luanda. Saiba mais, no \u00e1udio abaixo, com a rep\u00f3rter Paulina da Concei\u00e7\u00e3o: Fonte: RNA<\/p>\n","protected":false},"author":8,"featured_media":36679,"comment_status":"closed","ping_status":"closed","sticky":false,"template":"","format":"standard","meta":[],"categories":[141,133,163],"tags":[],"_links":{"self":[{"href":"https:\/\/rna.ao\/rna.ao\/wp-json\/wp\/v2\/posts\/63609"}],"collection":[{"href":"https:\/\/rna.ao\/rna.ao\/wp-json\/wp\/v2\/posts"}],"about":[{"href":"https:\/\/rna.ao\/rna.ao\/wp-json\/wp\/v2\/types\/post"}],"author":[{"embeddable":true,"href":"https:\/\/rna.ao\/rna.ao\/wp-json\/wp\/v2\/users\/8"}],"replies":[{"embeddable":true,"href":"https:\/\/rna.ao\/rna.ao\/wp-json\/wp\/v2\/comments?post=63609"}],"version-history":[{"count":1,"href":"https:\/\/rna.ao\/rna.ao\/wp-json\/wp\/v2\/posts\/63609\/revisions"}],"predecessor-version":[{"id":63612,"href":"https:\/\/rna.ao\/rna.ao\/wp-json\/wp\/v2\/posts\/63609\/revisions\/63612"}],"wp:featuredmedia":[{"embeddable":true,"href":"https:\/\/rna.ao\/rna.ao\/wp-json\/wp\/v2\/media\/36679"}],"wp:attachment":[{"href":"https:\/\/rna.ao\/rna.ao\/wp-json\/wp\/v2\/media?parent=63609"}],"wp:term":[{"taxonomy":"category","embeddable":true,"href":"https:\/\/rna.ao\/rna.ao\/wp-json\/wp\/v2\/categories?post=63609"},{"taxonomy":"post_tag","embeddable":true,"href":"https:\/\/rna.ao\/rna.ao\/wp-json\/wp\/v2\/tags?post=63609"}],"curies":[{"name":"wp","href":"https:\/\/api.w.org\/{rel}","templated":true}]}}