{"id":63605,"date":"2022-05-26T16:55:39","date_gmt":"2022-05-26T15:55:39","guid":{"rendered":"https:\/\/rna.ao\/rna.ao\/?p=63605"},"modified":"2022-05-26T16:55:39","modified_gmt":"2022-05-26T15:55:39","slug":"pr-participa-em-cimeiras-na-guine-equatorial","status":"publish","type":"post","link":"https:\/\/rna.ao\/rna.ao\/2022\/05\/26\/pr-participa-em-cimeiras-na-guine-equatorial\/","title":{"rendered":"PR participa em cimeiras na Guin\u00e9 Equatorial"},"content":{"rendered":"<p><img loading=\"lazy\" class=\"alignnone size-medium wp-image-63606\" src=\"https:\/\/rna.ao\/rna.ao\/wp-content\/uploads\/2022\/05\/E7DDC928-C886-4A6D-8128-97E0A16C0634-770x507.jpeg\" alt=\"\" width=\"770\" height=\"507\" srcset=\"https:\/\/rna.ao\/rna.ao\/wp-content\/uploads\/2022\/05\/E7DDC928-C886-4A6D-8128-97E0A16C0634-770x507.jpeg 770w, https:\/\/rna.ao\/rna.ao\/wp-content\/uploads\/2022\/05\/E7DDC928-C886-4A6D-8128-97E0A16C0634-1170x770.jpeg 1170w, https:\/\/rna.ao\/rna.ao\/wp-content\/uploads\/2022\/05\/E7DDC928-C886-4A6D-8128-97E0A16C0634-768x506.jpeg 768w, https:\/\/rna.ao\/rna.ao\/wp-content\/uploads\/2022\/05\/E7DDC928-C886-4A6D-8128-97E0A16C0634.jpeg 1174w\" sizes=\"(max-width: 770px) 100vw, 770px\" \/><\/p>\n<p>O Presidente da Rep\u00fablica, Jo\u00e3o Louren\u00e7o, deixou Luanda, esta tarde, com destino a Malabo, capital da Rep\u00fablica da Guin\u00e9 Equatorial, para participar em duas confer\u00eancias de alto n\u00edvel promovidas pela Uni\u00e3o Africana.<\/p>\n<p>Na sexta-feira 27, Malabo acolhe a Cimeira Humanit\u00e1ria e Confer\u00eancia de doadores, um evento que mostrar\u00e1 o quadro actual da situa\u00e7\u00e3o humanit\u00e1ria em \u00c1frica e procurar\u00e1 novos compromissos em mat\u00e9ria de doa\u00e7\u00f5es.<\/p>\n<p>No \u00a0s\u00e1bado, vai decorrer a Confer\u00eancia da Uni\u00e3o Africana sobre o Terrorismo e Mudan\u00e7a Inconstitucional de Governo em \u00c1frica, uma proposta feita pelo Presidente Jo\u00e3o Louren\u00e7o numa cimeira recente da organiza\u00e7\u00e3o continental e que acolheu a aceita\u00e7\u00e3o das lideran\u00e7as africanas.<\/p>\n","protected":false},"excerpt":{"rendered":"<p>O Presidente da Rep\u00fablica, Jo\u00e3o Louren\u00e7o, deixou Luanda, esta tarde, com destino a Malabo, capital da Rep\u00fablica da Guin\u00e9 Equatorial, para participar em duas confer\u00eancias de alto n\u00edvel promovidas pela Uni\u00e3o Africana. Na sexta-feira 27, Malabo acolhe a Cimeira Humanit\u00e1ria e Confer\u00eancia de doadores, um evento que mostrar\u00e1 o quadro ...<\/p>\n","protected":false},"author":8,"featured_media":63607,"comment_status":"closed","ping_status":"closed","sticky":false,"template":"","format":"standard","meta":[],"categories":[142,121,164,163],"tags":[],"_links":{"self":[{"href":"https:\/\/rna.ao\/rna.ao\/wp-json\/wp\/v2\/posts\/63605"}],"collection":[{"href":"https:\/\/rna.ao\/rna.ao\/wp-json\/wp\/v2\/posts"}],"about":[{"href":"https:\/\/rna.ao\/rna.ao\/wp-json\/wp\/v2\/types\/post"}],"author":[{"embeddable":true,"href":"https:\/\/rna.ao\/rna.ao\/wp-json\/wp\/v2\/users\/8"}],"replies":[{"embeddable":true,"href":"https:\/\/rna.ao\/rna.ao\/wp-json\/wp\/v2\/comments?post=63605"}],"version-history":[{"count":1,"href":"https:\/\/rna.ao\/rna.ao\/wp-json\/wp\/v2\/posts\/63605\/revisions"}],"predecessor-version":[{"id":63608,"href":"https:\/\/rna.ao\/rna.ao\/wp-json\/wp\/v2\/posts\/63605\/revisions\/63608"}],"wp:featuredmedia":[{"embeddable":true,"href":"https:\/\/rna.ao\/rna.ao\/wp-json\/wp\/v2\/media\/63607"}],"wp:attachment":[{"href":"https:\/\/rna.ao\/rna.ao\/wp-json\/wp\/v2\/media?parent=63605"}],"wp:term":[{"taxonomy":"category","embeddable":true,"href":"https:\/\/rna.ao\/rna.ao\/wp-json\/wp\/v2\/categories?post=63605"},{"taxonomy":"post_tag","embeddable":true,"href":"https:\/\/rna.ao\/rna.ao\/wp-json\/wp\/v2\/tags?post=63605"}],"curies":[{"name":"wp","href":"https:\/\/api.w.org\/{rel}","templated":true}]}}