{"id":63577,"date":"2022-05-26T13:16:09","date_gmt":"2022-05-26T12:16:09","guid":{"rendered":"https:\/\/rna.ao\/rna.ao\/?p=63577"},"modified":"2022-05-26T13:19:59","modified_gmt":"2022-05-26T12:19:59","slug":"ja-tomou-posse-o-novo-embaixador-de-angola-na-republica-da-polonia","status":"publish","type":"post","link":"https:\/\/rna.ao\/rna.ao\/2022\/05\/26\/ja-tomou-posse-o-novo-embaixador-de-angola-na-republica-da-polonia\/","title":{"rendered":"J\u00e1 tomou posse o novo Embaixador de Angola na Rep\u00fablica da Pol\u00f3nia"},"content":{"rendered":"<p><img loading=\"lazy\" class=\"size-medium wp-image-63580 aligncenter\" src=\"https:\/\/rna.ao\/rna.ao\/wp-content\/uploads\/2022\/05\/thumbs.web_.sapo_-2-770x402.jpg\" alt=\"\" width=\"770\" height=\"402\" srcset=\"https:\/\/rna.ao\/rna.ao\/wp-content\/uploads\/2022\/05\/thumbs.web_.sapo_-2-770x402.jpg 770w, https:\/\/rna.ao\/rna.ao\/wp-content\/uploads\/2022\/05\/thumbs.web_.sapo_-2-1170x611.jpg 1170w, https:\/\/rna.ao\/rna.ao\/wp-content\/uploads\/2022\/05\/thumbs.web_.sapo_-2-768x401.jpg 768w, https:\/\/rna.ao\/rna.ao\/wp-content\/uploads\/2022\/05\/thumbs.web_.sapo_-2.jpg 1200w\" sizes=\"(max-width: 770px) 100vw, 770px\" \/>Angola e a Pol\u00f3nia v\u00e3o identificar novas \u00e1reas de coopera\u00e7\u00e3o, nos pr\u00f3ximos tempos. Manuel Pedro Chaves, novo Embaixador de Angola na Pol\u00f3nia, foi empossado na manh\u00e3 desta quinta-feira, 26 de Maio, no Pal\u00e1cio Presidencial da Cidade Alta, pelo Presidente da Rep\u00fablica, Jo\u00e3o Louren\u00e7o. Clique, no \u00e1udio abaixo, e ou\u00e7a mais dados na reportagem da V\u00e2nia Varela:<\/p>\n\t<div class=\"qtmplayer-playlist-large\">\n\t\t<ul class=\"qtmplayer-playlist\">\n\t\t\t\n\t\t\t\t\t<li class=\"qtmplayer-trackitem\">\n\t\t<img src=\"https:\/\/rna.ao\/rna.ao\/wp-content\/uploads\/2022\/05\/ghana_1_13652799260e6f2324738b-100x100.jpg\" alt=\"cover\">\t\t<span \t\t\tdata-qtmplayer-cover=\"https:\/\/rna.ao\/rna.ao\/wp-content\/uploads\/2022\/05\/ghana_1_13652799260e6f2324738b.jpg\"\n\t\t\t\t\t\tdata-qtmplayer-file=\"https:\/\/rna.ao\/rna.ao\/wp-content\/uploads\/2022\/05\/VANIA-VARELA-13-HRS.mp3\"\n\t\t\t\t\t\tdata-qtmplayer-title=\"J\u00e1 tomou posse o novo Embaixador de Angola na Rep\u00fablica da Pol\u00f3nia\"\n\t\t\t\t\t\tdata-qtmplayer-artist=\"RNA\"\n\t\t\t\t\t\tdata-qtmplayer-link=\"https:\/\/rna.ao\/rna.ao\/2022\/05\/26\/ja-tomou-posse-o-novo-embaixador-de-angola-na-republica-da-polonia\/\"\n\t\t\t\t\t\tdata-qtmplayer-icon=\"file_download\"\n\t\t\t\t\t\tdata-qtmplayer-type=\"track\"\n\t\t\t class=\"qtmplayer-play qtmplayer-link-sec qtmplayer-play-btn\"><i class='material-icons'>play_arrow<\/i><\/span>\n\t\t<p>\n\t\t\t<span class=\"qtmplayer-tit\">J\u00e1 tomou posse o novo Embaixador de Angola na Rep\u00fablica da Pol\u00f3nia<\/span>\n\t\t\t<span class=\"qtmplayer-art\">RNA<\/span>\n\t\t<\/p>\n\t<\/li>\n\t\t<\/ul>\n\t<\/div>\t\t\t\n\t\n","protected":false},"excerpt":{"rendered":"<p>Angola e a Pol\u00f3nia v\u00e3o identificar novas \u00e1reas de coopera\u00e7\u00e3o, nos pr\u00f3ximos tempos. Manuel Pedro Chaves, novo Embaixador de Angola na Pol\u00f3nia, foi empossado na manh\u00e3 desta quinta-feira, 26 de Maio, no Pal\u00e1cio Presidencial da Cidade Alta, pelo Presidente da Rep\u00fablica, Jo\u00e3o Louren\u00e7o. Clique, no \u00e1udio abaixo, e ou\u00e7a mais ...<\/p>\n","protected":false},"author":8,"featured_media":63579,"comment_status":"closed","ping_status":"closed","sticky":false,"template":"","format":"standard","meta":[],"categories":[142,121,163],"tags":[],"_links":{"self":[{"href":"https:\/\/rna.ao\/rna.ao\/wp-json\/wp\/v2\/posts\/63577"}],"collection":[{"href":"https:\/\/rna.ao\/rna.ao\/wp-json\/wp\/v2\/posts"}],"about":[{"href":"https:\/\/rna.ao\/rna.ao\/wp-json\/wp\/v2\/types\/post"}],"author":[{"embeddable":true,"href":"https:\/\/rna.ao\/rna.ao\/wp-json\/wp\/v2\/users\/8"}],"replies":[{"embeddable":true,"href":"https:\/\/rna.ao\/rna.ao\/wp-json\/wp\/v2\/comments?post=63577"}],"version-history":[{"count":3,"href":"https:\/\/rna.ao\/rna.ao\/wp-json\/wp\/v2\/posts\/63577\/revisions"}],"predecessor-version":[{"id":63587,"href":"https:\/\/rna.ao\/rna.ao\/wp-json\/wp\/v2\/posts\/63577\/revisions\/63587"}],"wp:featuredmedia":[{"embeddable":true,"href":"https:\/\/rna.ao\/rna.ao\/wp-json\/wp\/v2\/media\/63579"}],"wp:attachment":[{"href":"https:\/\/rna.ao\/rna.ao\/wp-json\/wp\/v2\/media?parent=63577"}],"wp:term":[{"taxonomy":"category","embeddable":true,"href":"https:\/\/rna.ao\/rna.ao\/wp-json\/wp\/v2\/categories?post=63577"},{"taxonomy":"post_tag","embeddable":true,"href":"https:\/\/rna.ao\/rna.ao\/wp-json\/wp\/v2\/tags?post=63577"}],"curies":[{"name":"wp","href":"https:\/\/api.w.org\/{rel}","templated":true}]}}