{"id":63573,"date":"2022-05-26T13:05:49","date_gmt":"2022-05-26T12:05:49","guid":{"rendered":"https:\/\/rna.ao\/rna.ao\/?p=63573"},"modified":"2022-05-26T13:18:02","modified_gmt":"2022-05-26T12:18:02","slug":"inac-sustenta-que-grande-parte-dos-casos-de-violencia-contra-criancas-sao-registados-nos-lares","status":"publish","type":"post","link":"https:\/\/rna.ao\/rna.ao\/2022\/05\/26\/inac-sustenta-que-grande-parte-dos-casos-de-violencia-contra-criancas-sao-registados-nos-lares\/","title":{"rendered":"INAC sustenta que grande parte dos casos de viol\u00eancia contra crian\u00e7as s\u00e3o registados nos lares"},"content":{"rendered":"<p><img loading=\"lazy\" class=\"size-medium wp-image-63575 aligncenter\" src=\"https:\/\/rna.ao\/rna.ao\/wp-content\/uploads\/2022\/05\/IMG_1987-770x578.jpg\" alt=\"\" width=\"770\" height=\"578\" srcset=\"https:\/\/rna.ao\/rna.ao\/wp-content\/uploads\/2022\/05\/IMG_1987-770x578.jpg 770w, https:\/\/rna.ao\/rna.ao\/wp-content\/uploads\/2022\/05\/IMG_1987-1170x878.jpg 1170w, https:\/\/rna.ao\/rna.ao\/wp-content\/uploads\/2022\/05\/IMG_1987-768x576.jpg 768w, https:\/\/rna.ao\/rna.ao\/wp-content\/uploads\/2022\/05\/IMG_1987-1536x1152.jpg 1536w, https:\/\/rna.ao\/rna.ao\/wp-content\/uploads\/2022\/05\/IMG_1987-2048x1536.jpg 2048w\" sizes=\"(max-width: 770px) 100vw, 770px\" \/>A maior parte dos casos de viol\u00eancia contra crian\u00e7a acontece nos lares. A afirma\u00e7\u00e3o foi dada hoje, 26 de Maio, pelos especialistas que participaram no espa\u00e7o de debate em directo da R\u00e1dio Nacional de Angola. De acordo com os dados divulgados, mais de duzentos casos de viol\u00eancia contra crian\u00e7as foram registados em todo o pa\u00eds. Clique, no \u00e1udio abaixo, e ou\u00e7a o jornalista Jo\u00e3o Manuel com mais desenvolvimento:<\/p>\n\t<div class=\"qtmplayer-playlist-large\">\n\t\t<ul class=\"qtmplayer-playlist\">\n\t\t\t\n\t\t\t\t\t<li class=\"qtmplayer-trackitem\">\n\t\t<img src=\"https:\/\/rna.ao\/rna.ao\/wp-content\/uploads\/2022\/05\/IMG_1987-100x100.jpg\" alt=\"cover\">\t\t<span \t\t\tdata-qtmplayer-cover=\"https:\/\/rna.ao\/rna.ao\/wp-content\/uploads\/2022\/05\/IMG_1987-370x370.jpg\"\n\t\t\t\t\t\tdata-qtmplayer-file=\"https:\/\/rna.ao\/rna.ao\/wp-content\/uploads\/2022\/05\/JOAO-MANUEL-13HRS-1.mp3\"\n\t\t\t\t\t\tdata-qtmplayer-title=\"INAC sustenta que grande parte dos casos de viol\u00eancia contra crian\u00e7as s\u00e3o registados nos lares\"\n\t\t\t\t\t\tdata-qtmplayer-artist=\"RNA\"\n\t\t\t\t\t\tdata-qtmplayer-link=\"https:\/\/rna.ao\/rna.ao\/2022\/05\/26\/inac-sustenta-que-grande-parte-dos-casos-de-violencia-contra-criancas-sao-registados-nos-lares\/\"\n\t\t\t\t\t\tdata-qtmplayer-icon=\"file_download\"\n\t\t\t\t\t\tdata-qtmplayer-type=\"track\"\n\t\t\t class=\"qtmplayer-play qtmplayer-link-sec qtmplayer-play-btn\"><i class='material-icons'>play_arrow<\/i><\/span>\n\t\t<p>\n\t\t\t<span class=\"qtmplayer-tit\">INAC sustenta que grande parte dos casos de viol\u00eancia contra crian\u00e7as s\u00e3o registados nos lares<\/span>\n\t\t\t<span class=\"qtmplayer-art\">RNA<\/span>\n\t\t<\/p>\n\t<\/li>\n\t\t<\/ul>\n\t<\/div>\t\t\t\n\t\n","protected":false},"excerpt":{"rendered":"<p>A maior parte dos casos de viol\u00eancia contra crian\u00e7a acontece nos lares. A afirma\u00e7\u00e3o foi dada hoje, 26 de Maio, pelos especialistas que participaram no espa\u00e7o de debate em directo da R\u00e1dio Nacional de Angola. De acordo com os dados divulgados, mais de duzentos casos de viol\u00eancia contra crian\u00e7as foram ...<\/p>\n","protected":false},"author":8,"featured_media":63575,"comment_status":"closed","ping_status":"closed","sticky":false,"template":"","format":"standard","meta":[],"categories":[142,121,163],"tags":[],"_links":{"self":[{"href":"https:\/\/rna.ao\/rna.ao\/wp-json\/wp\/v2\/posts\/63573"}],"collection":[{"href":"https:\/\/rna.ao\/rna.ao\/wp-json\/wp\/v2\/posts"}],"about":[{"href":"https:\/\/rna.ao\/rna.ao\/wp-json\/wp\/v2\/types\/post"}],"author":[{"embeddable":true,"href":"https:\/\/rna.ao\/rna.ao\/wp-json\/wp\/v2\/users\/8"}],"replies":[{"embeddable":true,"href":"https:\/\/rna.ao\/rna.ao\/wp-json\/wp\/v2\/comments?post=63573"}],"version-history":[{"count":3,"href":"https:\/\/rna.ao\/rna.ao\/wp-json\/wp\/v2\/posts\/63573\/revisions"}],"predecessor-version":[{"id":63585,"href":"https:\/\/rna.ao\/rna.ao\/wp-json\/wp\/v2\/posts\/63573\/revisions\/63585"}],"wp:featuredmedia":[{"embeddable":true,"href":"https:\/\/rna.ao\/rna.ao\/wp-json\/wp\/v2\/media\/63575"}],"wp:attachment":[{"href":"https:\/\/rna.ao\/rna.ao\/wp-json\/wp\/v2\/media?parent=63573"}],"wp:term":[{"taxonomy":"category","embeddable":true,"href":"https:\/\/rna.ao\/rna.ao\/wp-json\/wp\/v2\/categories?post=63573"},{"taxonomy":"post_tag","embeddable":true,"href":"https:\/\/rna.ao\/rna.ao\/wp-json\/wp\/v2\/tags?post=63573"}],"curies":[{"name":"wp","href":"https:\/\/api.w.org\/{rel}","templated":true}]}}