{"id":63566,"date":"2022-05-26T12:48:17","date_gmt":"2022-05-26T11:48:17","guid":{"rendered":"https:\/\/rna.ao\/rna.ao\/?p=63566"},"modified":"2022-05-26T15:32:47","modified_gmt":"2022-05-26T14:32:47","slug":"joao-lourenco-inaugura-nova-sede-da-cne-com-a-designaclao-de-margaret-anstee","status":"publish","type":"post","link":"https:\/\/rna.ao\/rna.ao\/2022\/05\/26\/joao-lourenco-inaugura-nova-sede-da-cne-com-a-designaclao-de-margaret-anstee\/","title":{"rendered":"Jo\u00e3o Louren\u00e7o inaugura nova sede da CNE com a designa\u00e7l\u00e3o de Margaret Anstee"},"content":{"rendered":"<p class=\"font-weight-bold mb-0 my-4\"><img loading=\"lazy\" class=\"alignnone size-medium wp-image-63602\" src=\"https:\/\/rna.ao\/rna.ao\/wp-content\/uploads\/2022\/05\/IMG-20220526-WA0138-770x513.jpg\" alt=\"\" width=\"770\" height=\"513\" srcset=\"https:\/\/rna.ao\/rna.ao\/wp-content\/uploads\/2022\/05\/IMG-20220526-WA0138-770x513.jpg 770w, https:\/\/rna.ao\/rna.ao\/wp-content\/uploads\/2022\/05\/IMG-20220526-WA0138-768x512.jpg 768w, https:\/\/rna.ao\/rna.ao\/wp-content\/uploads\/2022\/05\/IMG-20220526-WA0138.jpg 960w\" sizes=\"(max-width: 770px) 100vw, 770px\" \/>O Novo edif\u00edcio sede da Comiss\u00e3o Nacional Eleitoral,&#8221;CNE&#8221;, inaugurado, esta quinta-feira, 26 de Maio, na Prov\u00edncia de\u00a0 Luanda, pelo Chefe de Estado, Jo\u00e3o Louren\u00e7o, chama-se &#8220;Margaret Anstee&#8221;.<\/p>\n<p dir=\"ltr\">O novo edif\u00edcio, Or\u00e7ada em 44 milh\u00f5es 731 mil e 750 d\u00f3lares, est\u00e1 localizada no bairro dos Coqueiros, na Mutamba, pr\u00f3ximo ao est\u00e1dio de futebol com o mesmo nome, e foi constru\u00eddo no mesmo espa\u00e7o onde funcionou a antiga f\u00e1brica de refrigerante Mission.<\/p>\n<p dir=\"ltr\">De salientar que, as actuais instala\u00e7\u00f5es da CNE, localizada na Rua Am\u00edlcar Cabral, perto do largo da Maianga, n\u00e3o se encontram bem acomodadas, na medida em que divide o espa\u00e7o com outras entidades, tais como ag\u00eancia banc\u00e1ria, escrit\u00f3rios de diversas entidades, p\u00fablicas e privadas, e com \u00e1reas residenciais.<\/p>\n<p dir=\"ltr\">Mat\u00e9ria em desenvolvimento&#8230;<\/p>\n<p dir=\"ltr\">\n","protected":false},"excerpt":{"rendered":"<p>O Novo edif\u00edcio sede da Comiss\u00e3o Nacional Eleitoral,&#8221;CNE&#8221;, inaugurado, esta quinta-feira, 26 de Maio, na Prov\u00edncia de\u00a0 Luanda, pelo Chefe de Estado, Jo\u00e3o Louren\u00e7o, chama-se &#8220;Margaret Anstee&#8221;. O novo edif\u00edcio, Or\u00e7ada em 44 milh\u00f5es 731 mil e 750 d\u00f3lares, est\u00e1 localizada no bairro dos Coqueiros, na Mutamba, pr\u00f3ximo ao est\u00e1dio ...<\/p>\n","protected":false},"author":8,"featured_media":63601,"comment_status":"closed","ping_status":"closed","sticky":false,"template":"","format":"standard","meta":[],"categories":[142,121,163],"tags":[],"_links":{"self":[{"href":"https:\/\/rna.ao\/rna.ao\/wp-json\/wp\/v2\/posts\/63566"}],"collection":[{"href":"https:\/\/rna.ao\/rna.ao\/wp-json\/wp\/v2\/posts"}],"about":[{"href":"https:\/\/rna.ao\/rna.ao\/wp-json\/wp\/v2\/types\/post"}],"author":[{"embeddable":true,"href":"https:\/\/rna.ao\/rna.ao\/wp-json\/wp\/v2\/users\/8"}],"replies":[{"embeddable":true,"href":"https:\/\/rna.ao\/rna.ao\/wp-json\/wp\/v2\/comments?post=63566"}],"version-history":[{"count":6,"href":"https:\/\/rna.ao\/rna.ao\/wp-json\/wp\/v2\/posts\/63566\/revisions"}],"predecessor-version":[{"id":63603,"href":"https:\/\/rna.ao\/rna.ao\/wp-json\/wp\/v2\/posts\/63566\/revisions\/63603"}],"wp:featuredmedia":[{"embeddable":true,"href":"https:\/\/rna.ao\/rna.ao\/wp-json\/wp\/v2\/media\/63601"}],"wp:attachment":[{"href":"https:\/\/rna.ao\/rna.ao\/wp-json\/wp\/v2\/media?parent=63566"}],"wp:term":[{"taxonomy":"category","embeddable":true,"href":"https:\/\/rna.ao\/rna.ao\/wp-json\/wp\/v2\/categories?post=63566"},{"taxonomy":"post_tag","embeddable":true,"href":"https:\/\/rna.ao\/rna.ao\/wp-json\/wp\/v2\/tags?post=63566"}],"curies":[{"name":"wp","href":"https:\/\/api.w.org\/{rel}","templated":true}]}}