{"id":63557,"date":"2022-05-26T12:20:47","date_gmt":"2022-05-26T11:20:47","guid":{"rendered":"https:\/\/rna.ao\/rna.ao\/?p=63557"},"modified":"2022-05-26T12:20:47","modified_gmt":"2022-05-26T11:20:47","slug":"academia-angolana-de-letras-realiza-mesa-redonda-em-saudacao-ao-continente-berco-da-humanidade","status":"publish","type":"post","link":"https:\/\/rna.ao\/rna.ao\/2022\/05\/26\/academia-angolana-de-letras-realiza-mesa-redonda-em-saudacao-ao-continente-berco-da-humanidade\/","title":{"rendered":"Academia Angolana de Letras realiza mesa redonda em sauda\u00e7\u00e3o ao continente ber\u00e7o da humanidade"},"content":{"rendered":"<p><img loading=\"lazy\" class=\"size-full wp-image-63559 alignleft\" src=\"https:\/\/rna.ao\/rna.ao\/wp-content\/uploads\/2022\/05\/AAL-300x194-1.jpg\" alt=\"\" width=\"300\" height=\"194\" \/>A Academia Angolana de Letras, realiza hoje, 26 de Maio, uma mesa redonda, para saudar o dia de \u00c1frica , com a modera\u00e7\u00e3o de Serra Van-Dunem. Clique no \u00e1udio abaixo e ou\u00e7a:<\/p>\n\t<div class=\"qtmplayer-playlist-large\">\n\t\t<ul class=\"qtmplayer-playlist\">\n\t\t\t\n\t\t\t\t\t<li class=\"qtmplayer-trackitem\">\n\t\t<img src=\"https:\/\/rna.ao\/rna.ao\/wp-content\/uploads\/2022\/05\/aaa83-100x100.jpg\" alt=\"cover\">\t\t<span \t\t\tdata-qtmplayer-cover=\"https:\/\/rna.ao\/rna.ao\/wp-content\/uploads\/2022\/05\/aaa83-370x370.jpg\"\n\t\t\t\t\t\tdata-qtmplayer-file=\"https:\/\/rna.ao\/rna.ao\/wp-content\/uploads\/2022\/05\/PAULO-DE-CARVALHO-DIA-DA-AFRICA-.mp3\"\n\t\t\t\t\t\tdata-qtmplayer-title=\"Academia Angolana de Letras realiza mesa redonda em sauda\u00e7\u00e3o ao continente ber\u00e7o da humanidade\"\n\t\t\t\t\t\tdata-qtmplayer-artist=\"RNA\"\n\t\t\t\t\t\tdata-qtmplayer-link=\"https:\/\/rna.ao\/rna.ao\/2022\/05\/26\/academia-angolana-de-letras-realiza-mesa-redonda-em-saudacao-ao-continente-berco-da-humanidade\/\"\n\t\t\t\t\t\tdata-qtmplayer-icon=\"file_download\"\n\t\t\t\t\t\tdata-qtmplayer-type=\"track\"\n\t\t\t class=\"qtmplayer-play qtmplayer-link-sec qtmplayer-play-btn\"><i class='material-icons'>play_arrow<\/i><\/span>\n\t\t<p>\n\t\t\t<span class=\"qtmplayer-tit\">Academia Angolana de Letras realiza mesa redonda em sauda\u00e7\u00e3o ao continente ber\u00e7o da humanidade<\/span>\n\t\t\t<span class=\"qtmplayer-art\">RNA<\/span>\n\t\t<\/p>\n\t<\/li>\n\t\t<\/ul>\n\t<\/div>\t\t\t\n\t\n","protected":false},"excerpt":{"rendered":"<p>A Academia Angolana de Letras, realiza hoje, 26 de Maio, uma mesa redonda, para saudar o dia de \u00c1frica , com a modera\u00e7\u00e3o de Serra Van-Dunem. Clique no \u00e1udio abaixo e ou\u00e7a:<\/p>\n","protected":false},"author":8,"featured_media":63560,"comment_status":"closed","ping_status":"closed","sticky":false,"template":"","format":"standard","meta":[],"categories":[141,133],"tags":[],"_links":{"self":[{"href":"https:\/\/rna.ao\/rna.ao\/wp-json\/wp\/v2\/posts\/63557"}],"collection":[{"href":"https:\/\/rna.ao\/rna.ao\/wp-json\/wp\/v2\/posts"}],"about":[{"href":"https:\/\/rna.ao\/rna.ao\/wp-json\/wp\/v2\/types\/post"}],"author":[{"embeddable":true,"href":"https:\/\/rna.ao\/rna.ao\/wp-json\/wp\/v2\/users\/8"}],"replies":[{"embeddable":true,"href":"https:\/\/rna.ao\/rna.ao\/wp-json\/wp\/v2\/comments?post=63557"}],"version-history":[{"count":1,"href":"https:\/\/rna.ao\/rna.ao\/wp-json\/wp\/v2\/posts\/63557\/revisions"}],"predecessor-version":[{"id":63561,"href":"https:\/\/rna.ao\/rna.ao\/wp-json\/wp\/v2\/posts\/63557\/revisions\/63561"}],"wp:featuredmedia":[{"embeddable":true,"href":"https:\/\/rna.ao\/rna.ao\/wp-json\/wp\/v2\/media\/63560"}],"wp:attachment":[{"href":"https:\/\/rna.ao\/rna.ao\/wp-json\/wp\/v2\/media?parent=63557"}],"wp:term":[{"taxonomy":"category","embeddable":true,"href":"https:\/\/rna.ao\/rna.ao\/wp-json\/wp\/v2\/categories?post=63557"},{"taxonomy":"post_tag","embeddable":true,"href":"https:\/\/rna.ao\/rna.ao\/wp-json\/wp\/v2\/tags?post=63557"}],"curies":[{"name":"wp","href":"https:\/\/api.w.org\/{rel}","templated":true}]}}