{"id":62695,"date":"2022-05-19T11:44:22","date_gmt":"2022-05-19T10:44:22","guid":{"rendered":"https:\/\/rna.ao\/rna.ao\/?p=62695"},"modified":"2022-05-19T11:54:54","modified_gmt":"2022-05-19T10:54:54","slug":"placa-com-nome-de-luther-rescova-descerrada-na-via-publica","status":"publish","type":"post","link":"https:\/\/rna.ao\/rna.ao\/2022\/05\/19\/placa-com-nome-de-luther-rescova-descerrada-na-via-publica\/","title":{"rendered":"Placa com o nome de Luther Rescova descerrada na via p\u00fablica"},"content":{"rendered":"<p><img loading=\"lazy\" class=\"size-full wp-image-62700 alignleft\" src=\"https:\/\/rna.ao\/rna.ao\/wp-content\/uploads\/2022\/05\/download-10.jpg\" alt=\"\" width=\"276\" height=\"183\" \/>Desde a \u00faltima quarta feira, 11 de Maio, que a Prov\u00edncia de Luanda conta com uma avenida, com 18 kilometros de extens\u00e3o, que liga os Munic\u00edpios de Talatona, Kilamba-Kiaxi e Viana, denominada Luther Rescova, em homenagem ao ex-governador de Luanda. Os automobilistas que trafegam naquela circunscri\u00e7\u00e3o, congratularam-se com o gesto. Clique no \u00e1udio e ou\u00e7a:<\/p>\n\t<div class=\"qtmplayer-playlist-large\">\n\t\t<ul class=\"qtmplayer-playlist\">\n\t\t\t\n\t\t\t\t\t<li class=\"qtmplayer-trackitem\">\n\t\t<img src=\"https:\/\/rna.ao\/rna.ao\/wp-content\/uploads\/2022\/05\/DD4F24FE-AF36-46AC-BC19-42B977C70C36-100x100.jpg\" alt=\"cover\">\t\t<span \t\t\tdata-qtmplayer-cover=\"https:\/\/rna.ao\/rna.ao\/wp-content\/uploads\/2022\/05\/DD4F24FE-AF36-46AC-BC19-42B977C70C36-370x370.jpg\"\n\t\t\t\t\t\tdata-qtmplayer-file=\"https:\/\/rna.ao\/rna.ao\/wp-content\/uploads\/2022\/05\/AUTOMOBILISTA-LUTHER-RESCOVA.mp3\"\n\t\t\t\t\t\tdata-qtmplayer-title=\"Placa com o nome de Luther Rescova descerrada na via p\u00fablica\"\n\t\t\t\t\t\tdata-qtmplayer-artist=\"RNA\"\n\t\t\t\t\t\tdata-qtmplayer-link=\"https:\/\/rna.ao\/rna.ao\/2022\/05\/19\/placa-com-nome-de-luther-rescova-descerrada-na-via-publica\/\"\n\t\t\t\t\t\tdata-qtmplayer-icon=\"file_download\"\n\t\t\t\t\t\tdata-qtmplayer-type=\"track\"\n\t\t\t class=\"qtmplayer-play qtmplayer-link-sec qtmplayer-play-btn\"><i class='material-icons'>play_arrow<\/i><\/span>\n\t\t<p>\n\t\t\t<span class=\"qtmplayer-tit\">Placa com o nome de Luther Rescova descerrada na via p\u00fablica<\/span>\n\t\t\t<span class=\"qtmplayer-art\">RNA<\/span>\n\t\t<\/p>\n\t<\/li>\n\t\t<\/ul>\n\t<\/div>\t\t\t\n\t\n<p>&nbsp;<\/p>\n<p>Durante o descerrar da placa, estiveram tamb\u00e9m no local, familiares do ex governador de Luanda, que agradeceram a todos pelo gesto, particularizando os mun\u00edcipes da Fubu. Clique no \u00e1udio e ou\u00e7a:<\/p>\n\t<div class=\"qtmplayer-playlist-large\">\n\t\t<ul class=\"qtmplayer-playlist\">\n\t\t\t\n\t\t\t\t\t<li class=\"qtmplayer-trackitem\">\n\t\t<img src=\"https:\/\/rna.ao\/rna.ao\/wp-content\/uploads\/2022\/05\/DD4F24FE-AF36-46AC-BC19-42B977C70C36-100x100.jpg\" alt=\"cover\">\t\t<span \t\t\tdata-qtmplayer-cover=\"https:\/\/rna.ao\/rna.ao\/wp-content\/uploads\/2022\/05\/DD4F24FE-AF36-46AC-BC19-42B977C70C36-370x370.jpg\"\n\t\t\t\t\t\tdata-qtmplayer-file=\"https:\/\/rna.ao\/rna.ao\/wp-content\/uploads\/2022\/05\/PEDRO-RESCOVA-.mp3\"\n\t\t\t\t\t\tdata-qtmplayer-title=\"Placa com o nome de Luther Rescova descerrada na via p\u00fablica\"\n\t\t\t\t\t\tdata-qtmplayer-artist=\"RNA\"\n\t\t\t\t\t\tdata-qtmplayer-link=\"https:\/\/rna.ao\/rna.ao\/2022\/05\/19\/placa-com-nome-de-luther-rescova-descerrada-na-via-publica\/\"\n\t\t\t\t\t\tdata-qtmplayer-icon=\"file_download\"\n\t\t\t\t\t\tdata-qtmplayer-type=\"track\"\n\t\t\t class=\"qtmplayer-play qtmplayer-link-sec qtmplayer-play-btn\"><i class='material-icons'>play_arrow<\/i><\/span>\n\t\t<p>\n\t\t\t<span class=\"qtmplayer-tit\">Placa com o nome de Luther Rescova descerrada na via p\u00fablica<\/span>\n\t\t\t<span class=\"qtmplayer-art\">RNA<\/span>\n\t\t<\/p>\n\t<\/li>\n\t\t<\/ul>\n\t<\/div>\t\t\t\n\t\n<p>Para a governadora de Luanda, Ana Paula de Carvalho, este gesto \u00e9 uma forma de eternizar Luther rescova.\u00a0Clique no \u00e1udio e ou\u00e7a:<\/p>\n\t<div class=\"qtmplayer-playlist-large\">\n\t\t<ul class=\"qtmplayer-playlist\">\n\t\t\t\n\t\t\t\t\t<li class=\"qtmplayer-trackitem\">\n\t\t<img src=\"https:\/\/rna.ao\/rna.ao\/wp-content\/uploads\/2022\/05\/DD4F24FE-AF36-46AC-BC19-42B977C70C36-100x100.jpg\" alt=\"cover\">\t\t<span \t\t\tdata-qtmplayer-cover=\"https:\/\/rna.ao\/rna.ao\/wp-content\/uploads\/2022\/05\/DD4F24FE-AF36-46AC-BC19-42B977C70C36-370x370.jpg\"\n\t\t\t\t\t\tdata-qtmplayer-file=\"https:\/\/rna.ao\/rna.ao\/wp-content\/uploads\/2022\/05\/ANA-PPAULO-DE-CARVALHO-LUTHER.mp3\"\n\t\t\t\t\t\tdata-qtmplayer-title=\"Placa com o nome de Luther Rescova descerrada na via p\u00fablica\"\n\t\t\t\t\t\tdata-qtmplayer-artist=\"RNA\"\n\t\t\t\t\t\tdata-qtmplayer-link=\"https:\/\/rna.ao\/rna.ao\/2022\/05\/19\/placa-com-nome-de-luther-rescova-descerrada-na-via-publica\/\"\n\t\t\t\t\t\tdata-qtmplayer-icon=\"file_download\"\n\t\t\t\t\t\tdata-qtmplayer-type=\"track\"\n\t\t\t class=\"qtmplayer-play qtmplayer-link-sec qtmplayer-play-btn\"><i class='material-icons'>play_arrow<\/i><\/span>\n\t\t<p>\n\t\t\t<span class=\"qtmplayer-tit\">Placa com o nome de Luther Rescova descerrada na via p\u00fablica<\/span>\n\t\t\t<span class=\"qtmplayer-art\">RNA<\/span>\n\t\t<\/p>\n\t<\/li>\n\t\t<\/ul>\n\t<\/div>\t\t\t\n\t\n","protected":false},"excerpt":{"rendered":"<p>Desde a \u00faltima quarta feira, 11 de Maio, que a Prov\u00edncia de Luanda conta com uma avenida, com 18 kilometros de extens\u00e3o, que liga os Munic\u00edpios de Talatona, Kilamba-Kiaxi e Viana, denominada Luther Rescova, em homenagem ao ex-governador de Luanda. Os automobilistas que trafegam naquela circunscri\u00e7\u00e3o, congratularam-se com o gesto. ...<\/p>\n","protected":false},"author":8,"featured_media":62699,"comment_status":"closed","ping_status":"closed","sticky":false,"template":"","format":"standard","meta":[],"categories":[141,133],"tags":[],"_links":{"self":[{"href":"https:\/\/rna.ao\/rna.ao\/wp-json\/wp\/v2\/posts\/62695"}],"collection":[{"href":"https:\/\/rna.ao\/rna.ao\/wp-json\/wp\/v2\/posts"}],"about":[{"href":"https:\/\/rna.ao\/rna.ao\/wp-json\/wp\/v2\/types\/post"}],"author":[{"embeddable":true,"href":"https:\/\/rna.ao\/rna.ao\/wp-json\/wp\/v2\/users\/8"}],"replies":[{"embeddable":true,"href":"https:\/\/rna.ao\/rna.ao\/wp-json\/wp\/v2\/comments?post=62695"}],"version-history":[{"count":2,"href":"https:\/\/rna.ao\/rna.ao\/wp-json\/wp\/v2\/posts\/62695\/revisions"}],"predecessor-version":[{"id":62708,"href":"https:\/\/rna.ao\/rna.ao\/wp-json\/wp\/v2\/posts\/62695\/revisions\/62708"}],"wp:featuredmedia":[{"embeddable":true,"href":"https:\/\/rna.ao\/rna.ao\/wp-json\/wp\/v2\/media\/62699"}],"wp:attachment":[{"href":"https:\/\/rna.ao\/rna.ao\/wp-json\/wp\/v2\/media?parent=62695"}],"wp:term":[{"taxonomy":"category","embeddable":true,"href":"https:\/\/rna.ao\/rna.ao\/wp-json\/wp\/v2\/categories?post=62695"},{"taxonomy":"post_tag","embeddable":true,"href":"https:\/\/rna.ao\/rna.ao\/wp-json\/wp\/v2\/tags?post=62695"}],"curies":[{"name":"wp","href":"https:\/\/api.w.org\/{rel}","templated":true}]}}