{"id":6197,"date":"2020-10-05T06:30:19","date_gmt":"2020-10-05T05:30:19","guid":{"rendered":"https:\/\/rna.ao\/rna.ao\/?p=6197"},"modified":"2020-10-05T07:41:38","modified_gmt":"2020-10-05T06:41:38","slug":"via-que-liga-calemba-ii-a-viana-pronta-em-dezembro-de-2020","status":"publish","type":"post","link":"https:\/\/rna.ao\/rna.ao\/2020\/10\/05\/via-que-liga-calemba-ii-a-viana-pronta-em-dezembro-de-2020\/","title":{"rendered":"Via que liga Calemba II \u00e0 Viana pronta em Dezembro de 2020"},"content":{"rendered":"<p><img loading=\"lazy\" class=\"size-full wp-image-6204 alignleft\" src=\"https:\/\/rna.ao\/rna.ao\/wp-content\/uploads\/2020\/10\/Viaduto-camama.jpg\" alt=\"\" width=\"640\" height=\"343\" \/><\/p>\n<p>As obras na estrada do Calemba II, que liga o Munic\u00edpio do Kilamba Kiaxi ao de Viana, tem o seu t\u00e9rmino agendado para Dezembro do ano em curso.<\/p>\n<p>Os trabalhos, que come\u00e7aram no viaduto da Camama, est\u00e3o a decorrer a vinte e tr\u00eas por cento. Com in\u00edcio em Julho, a estrada \u00e9 uma importante via de comunica\u00e7\u00e3o entre os dois Munic\u00edpios. Clique no \u00e1udio em baixo para ouvir a Reportagem:<\/p>\n<p>&nbsp;<\/p>\n\t<div class=\"qtmplayer-playlist-large\">\n\t\t<ul class=\"qtmplayer-playlist\">\n\t\t\t\n\t\t\t\t\t<li class=\"qtmplayer-trackitem\">\n\t\t\t\t<span \t\t\tdata-qtmplayer-file=\"https:\/\/rna.ao\/rna.ao\/wp-content\/uploads\/2020\/10\/GABRIEL-VELOSO-ESTRADA-CALEMBA-2-BOM-13HRS.mp3\"\n\t\t\t\t\t\tdata-qtmplayer-title=\"Via que liga Calemba II \u00e0 Viana pronta em Dezembro de 2020\"\n\t\t\t\t\t\tdata-qtmplayer-artist=\"RNA\"\n\t\t\t\t\t\tdata-qtmplayer-link=\"https:\/\/rna.ao\/rna.ao\/2020\/10\/05\/via-que-liga-calemba-ii-a-viana-pronta-em-dezembro-de-2020\/\"\n\t\t\t\t\t\tdata-qtmplayer-icon=\"file_download\"\n\t\t\t\t\t\tdata-qtmplayer-type=\"track\"\n\t\t\t class=\"qtmplayer-play qtmplayer-link-sec qtmplayer-play-btn\"><i class='material-icons'>play_arrow<\/i><\/span>\n\t\t<p>\n\t\t\t<span class=\"qtmplayer-tit\">Via que liga Calemba II \u00e0 Viana pronta em Dezembro de 2020<\/span>\n\t\t\t<span class=\"qtmplayer-art\">RNA<\/span>\n\t\t<\/p>\n\t<\/li>\n\t\t<\/ul>\n\t<\/div>\t\t\t\n\t\n<p>&nbsp;<\/p>\n<p>Fonte: R\u00e1dio Luanda\/RNA &#8211; Gabriel Veloso<\/p>\n","protected":false},"excerpt":{"rendered":"<p>As obras na estrada do Calemba II, que liga o Munic\u00edpio do Kilamba Kiaxi ao de Viana, tem o seu t\u00e9rmino agendado para Dezembro do ano em curso. Os trabalhos, que come\u00e7aram no viaduto da Camama, est\u00e3o a decorrer a vinte e tr\u00eas por cento. Com in\u00edcio em Julho, a ...<\/p>\n","protected":false},"author":8,"featured_media":0,"comment_status":"open","ping_status":"open","sticky":false,"template":"","format":"standard","meta":[],"categories":[133],"tags":[],"_links":{"self":[{"href":"https:\/\/rna.ao\/rna.ao\/wp-json\/wp\/v2\/posts\/6197"}],"collection":[{"href":"https:\/\/rna.ao\/rna.ao\/wp-json\/wp\/v2\/posts"}],"about":[{"href":"https:\/\/rna.ao\/rna.ao\/wp-json\/wp\/v2\/types\/post"}],"author":[{"embeddable":true,"href":"https:\/\/rna.ao\/rna.ao\/wp-json\/wp\/v2\/users\/8"}],"replies":[{"embeddable":true,"href":"https:\/\/rna.ao\/rna.ao\/wp-json\/wp\/v2\/comments?post=6197"}],"version-history":[{"count":2,"href":"https:\/\/rna.ao\/rna.ao\/wp-json\/wp\/v2\/posts\/6197\/revisions"}],"predecessor-version":[{"id":6207,"href":"https:\/\/rna.ao\/rna.ao\/wp-json\/wp\/v2\/posts\/6197\/revisions\/6207"}],"wp:attachment":[{"href":"https:\/\/rna.ao\/rna.ao\/wp-json\/wp\/v2\/media?parent=6197"}],"wp:term":[{"taxonomy":"category","embeddable":true,"href":"https:\/\/rna.ao\/rna.ao\/wp-json\/wp\/v2\/categories?post=6197"},{"taxonomy":"post_tag","embeddable":true,"href":"https:\/\/rna.ao\/rna.ao\/wp-json\/wp\/v2\/tags?post=6197"}],"curies":[{"name":"wp","href":"https:\/\/api.w.org\/{rel}","templated":true}]}}