{"id":60815,"date":"2022-05-04T13:23:04","date_gmt":"2022-05-04T12:23:04","guid":{"rendered":"https:\/\/rna.ao\/rna.ao\/?p=60815"},"modified":"2022-05-04T13:31:45","modified_gmt":"2022-05-04T12:31:45","slug":"sub-secretaria-norte-americana-para-os-assuntos-africanos-vem-a-luanda-para-acertar-cooperacao","status":"publish","type":"post","link":"https:\/\/rna.ao\/rna.ao\/2022\/05\/04\/sub-secretaria-norte-americana-para-os-assuntos-africanos-vem-a-luanda-para-acertar-cooperacao\/","title":{"rendered":"Sub-Secret\u00e1ria norte-americana para os assuntos africanos vem \u00e0 Luanda para acertar coopera\u00e7\u00e3o"},"content":{"rendered":"<p><img loading=\"lazy\" class=\"size-full wp-image-60817 alignleft\" src=\"https:\/\/rna.ao\/rna.ao\/wp-content\/uploads\/2022\/05\/Wendy-Sherman.jpg\" alt=\"\" width=\"261\" height=\"193\" \/>A visita de dois dias \u00e0 Angola da Sub-Secret\u00e1ria de Estado Americana demonstra que os Estados Unidos t\u00eam interesse em estreitar, cada vez mais, as rela\u00e7\u00f5es com o nosso pa\u00eds. Este ponto de vista \u00e9 do analista pol\u00edtico, Osvaldo Mboco, que destaca a visita \u00e0 Angola de Wendy Sherman como um reconhecimento da governa\u00e7\u00e3o, nos \u00faltimos cinco anos. Em angola, a Sub-Secret\u00e1ria de Estado americana dever\u00e1 encontrar-se com o Presidente da Rep\u00fablica, Jo\u00e3o Louren\u00e7o, e com o Ministro das Rela\u00e7\u00f5es Exteriores, Tete Ant\u00f3nio, para abordar quest\u00f5es de interesse comum. Clique, no \u00e1udio abaixo, e ou\u00e7a o jornalista Manuel Esperan\u00e7a com mais desenvolvimento:<\/p>\n\t<div class=\"qtmplayer-playlist-large\">\n\t\t<ul class=\"qtmplayer-playlist\">\n\t\t\t\n\t\t\t\t\t<li class=\"qtmplayer-trackitem\">\n\t\t<img src=\"https:\/\/rna.ao\/rna.ao\/wp-content\/uploads\/2022\/05\/Wendy-Sherman-100x100.jpg\" alt=\"cover\">\t\t<span \t\t\tdata-qtmplayer-cover=\"https:\/\/rna.ao\/rna.ao\/wp-content\/uploads\/2022\/05\/Wendy-Sherman.jpg\"\n\t\t\t\t\t\tdata-qtmplayer-file=\"https:\/\/rna.ao\/rna.ao\/wp-content\/uploads\/2022\/05\/MANUEL-ESPERANCA-ANGOLA-VS-EUA-13-HRS.mp3\"\n\t\t\t\t\t\tdata-qtmplayer-title=\"Sub-Secret\u00e1ria norte-americana para os assuntos africanos vem \u00e0 Luanda para acertar coopera\u00e7\u00e3o\"\n\t\t\t\t\t\tdata-qtmplayer-artist=\"RNA\"\n\t\t\t\t\t\tdata-qtmplayer-link=\"https:\/\/rna.ao\/rna.ao\/2022\/05\/04\/sub-secretaria-norte-americana-para-os-assuntos-africanos-vem-a-luanda-para-acertar-cooperacao\/\"\n\t\t\t\t\t\tdata-qtmplayer-icon=\"file_download\"\n\t\t\t\t\t\tdata-qtmplayer-type=\"track\"\n\t\t\t class=\"qtmplayer-play qtmplayer-link-sec qtmplayer-play-btn\"><i class='material-icons'>play_arrow<\/i><\/span>\n\t\t<p>\n\t\t\t<span class=\"qtmplayer-tit\">Sub-Secret\u00e1ria norte-americana para os assuntos africanos vem \u00e0 Luanda para acertar coopera\u00e7\u00e3o<\/span>\n\t\t\t<span class=\"qtmplayer-art\">RNA<\/span>\n\t\t<\/p>\n\t<\/li>\n\t\t<\/ul>\n\t<\/div>\t\t\t\n\t\n<p>Fonte: RNA<\/p>\n","protected":false},"excerpt":{"rendered":"<p>A visita de dois dias \u00e0 Angola da Sub-Secret\u00e1ria de Estado Americana demonstra que os Estados Unidos t\u00eam interesse em estreitar, cada vez mais, as rela\u00e7\u00f5es com o nosso pa\u00eds. Este ponto de vista \u00e9 do analista pol\u00edtico, Osvaldo Mboco, que destaca a visita \u00e0 Angola de Wendy Sherman como ...<\/p>\n","protected":false},"author":8,"featured_media":60817,"comment_status":"closed","ping_status":"closed","sticky":false,"template":"","format":"standard","meta":[],"categories":[121,163],"tags":[],"_links":{"self":[{"href":"https:\/\/rna.ao\/rna.ao\/wp-json\/wp\/v2\/posts\/60815"}],"collection":[{"href":"https:\/\/rna.ao\/rna.ao\/wp-json\/wp\/v2\/posts"}],"about":[{"href":"https:\/\/rna.ao\/rna.ao\/wp-json\/wp\/v2\/types\/post"}],"author":[{"embeddable":true,"href":"https:\/\/rna.ao\/rna.ao\/wp-json\/wp\/v2\/users\/8"}],"replies":[{"embeddable":true,"href":"https:\/\/rna.ao\/rna.ao\/wp-json\/wp\/v2\/comments?post=60815"}],"version-history":[{"count":3,"href":"https:\/\/rna.ao\/rna.ao\/wp-json\/wp\/v2\/posts\/60815\/revisions"}],"predecessor-version":[{"id":60820,"href":"https:\/\/rna.ao\/rna.ao\/wp-json\/wp\/v2\/posts\/60815\/revisions\/60820"}],"wp:featuredmedia":[{"embeddable":true,"href":"https:\/\/rna.ao\/rna.ao\/wp-json\/wp\/v2\/media\/60817"}],"wp:attachment":[{"href":"https:\/\/rna.ao\/rna.ao\/wp-json\/wp\/v2\/media?parent=60815"}],"wp:term":[{"taxonomy":"category","embeddable":true,"href":"https:\/\/rna.ao\/rna.ao\/wp-json\/wp\/v2\/categories?post=60815"},{"taxonomy":"post_tag","embeddable":true,"href":"https:\/\/rna.ao\/rna.ao\/wp-json\/wp\/v2\/tags?post=60815"}],"curies":[{"name":"wp","href":"https:\/\/api.w.org\/{rel}","templated":true}]}}