{"id":60811,"date":"2022-05-04T13:15:19","date_gmt":"2022-05-04T12:15:19","guid":{"rendered":"https:\/\/rna.ao\/rna.ao\/?p=60811"},"modified":"2022-05-04T13:33:20","modified_gmt":"2022-05-04T12:33:20","slug":"ministra-dos-negocios-estrangeiros-anuncia-visita-do-presidente-de-sao-tome-e-principe-a-angola","status":"publish","type":"post","link":"https:\/\/rna.ao\/rna.ao\/2022\/05\/04\/ministra-dos-negocios-estrangeiros-anuncia-visita-do-presidente-de-sao-tome-e-principe-a-angola\/","title":{"rendered":"Ministra dos Neg\u00f3cios Estrangeiros anuncia visita do Presidente de S\u00e3o Tom\u00e9 e Pr\u00edncipe \u00e0 Angola"},"content":{"rendered":"<p><img loading=\"lazy\" class=\"size-full wp-image-60813 alignleft\" src=\"https:\/\/rna.ao\/rna.ao\/wp-content\/uploads\/2022\/05\/Edite-ramos-da-Costa-Sao-Tome.jpg\" alt=\"\" width=\"274\" height=\"184\" \/>A Ministra dos Neg\u00f3cios Estrangeiros, Coopera\u00e7\u00e3o e Comunidades de S\u00e3o Tom\u00e9 e Pr\u00edncipe chegou esta quarta-feira, 04 de Maio, \u00e0 Angola, para uma visita de trabalho. A delega\u00e7\u00e3o, encabe\u00e7ada pela chefe da diplomacia de S\u00e3o Tom\u00e9 e pr\u00edncipe, re\u00fane-se nesta quinta-feira (05\/05) com a delega\u00e7\u00e3o hom\u00f3loga angolana, no \u00e2mbito dos mecanismos da Comiss\u00e3o Mista entre os dois pa\u00edses. \u00c0 sua chegada, no Aeroporto Internacional 4 de Fevereiro, Edite Ramos da Costa, avan\u00e7ou que o refor\u00e7o da coopera\u00e7\u00e3o e a revis\u00e3o de alguns dossiers, entre eles, nos sectores dos petr\u00f3leos, finan\u00e7as, pescas e educa\u00e7\u00e3o v\u00e3o estar em cima da mesa de negocia\u00e7\u00f5es. Clique no \u00e1udio e ou\u00e7a:<\/p>\n\t<div class=\"qtmplayer-playlist-large\">\n\t\t<ul class=\"qtmplayer-playlist\">\n\t\t\t\n\t\t\t\t\t<li class=\"qtmplayer-trackitem\">\n\t\t<img src=\"https:\/\/rna.ao\/rna.ao\/wp-content\/uploads\/2022\/05\/Edite-ramos-da-Costa-Sao-Tome-100x100.jpg\" alt=\"cover\">\t\t<span \t\t\tdata-qtmplayer-cover=\"https:\/\/rna.ao\/rna.ao\/wp-content\/uploads\/2022\/05\/Edite-ramos-da-Costa-Sao-Tome.jpg\"\n\t\t\t\t\t\tdata-qtmplayer-file=\"https:\/\/rna.ao\/rna.ao\/wp-content\/uploads\/2022\/05\/EDITE-RAMOS-DA-COSTA-13HRS.mp3\"\n\t\t\t\t\t\tdata-qtmplayer-title=\"Ministra dos Neg\u00f3cios Estrangeiros anuncia visita do Presidente de S\u00e3o Tom\u00e9 e Pr\u00edncipe \u00e0 Angola\"\n\t\t\t\t\t\tdata-qtmplayer-artist=\"RNA\"\n\t\t\t\t\t\tdata-qtmplayer-link=\"https:\/\/rna.ao\/rna.ao\/2022\/05\/04\/ministra-dos-negocios-estrangeiros-anuncia-visita-do-presidente-de-sao-tome-e-principe-a-angola\/\"\n\t\t\t\t\t\tdata-qtmplayer-icon=\"file_download\"\n\t\t\t\t\t\tdata-qtmplayer-type=\"track\"\n\t\t\t class=\"qtmplayer-play qtmplayer-link-sec qtmplayer-play-btn\"><i class='material-icons'>play_arrow<\/i><\/span>\n\t\t<p>\n\t\t\t<span class=\"qtmplayer-tit\">Ministra dos Neg\u00f3cios Estrangeiros anuncia visita do Presidente de S\u00e3o Tom\u00e9 e Pr\u00edncipe \u00e0 Angola<\/span>\n\t\t\t<span class=\"qtmplayer-art\">RNA<\/span>\n\t\t<\/p>\n\t<\/li>\n\t\t<\/ul>\n\t<\/div>\t\t\t\n\t\n<p>Fonte: RNA<\/p>\n","protected":false},"excerpt":{"rendered":"<p>A Ministra dos Neg\u00f3cios Estrangeiros, Coopera\u00e7\u00e3o e Comunidades de S\u00e3o Tom\u00e9 e Pr\u00edncipe chegou esta quarta-feira, 04 de Maio, \u00e0 Angola, para uma visita de trabalho. A delega\u00e7\u00e3o, encabe\u00e7ada pela chefe da diplomacia de S\u00e3o Tom\u00e9 e pr\u00edncipe, re\u00fane-se nesta quinta-feira (05\/05) com a delega\u00e7\u00e3o hom\u00f3loga angolana, no \u00e2mbito dos ...<\/p>\n","protected":false},"author":8,"featured_media":60813,"comment_status":"closed","ping_status":"closed","sticky":false,"template":"","format":"standard","meta":[],"categories":[121,163],"tags":[],"_links":{"self":[{"href":"https:\/\/rna.ao\/rna.ao\/wp-json\/wp\/v2\/posts\/60811"}],"collection":[{"href":"https:\/\/rna.ao\/rna.ao\/wp-json\/wp\/v2\/posts"}],"about":[{"href":"https:\/\/rna.ao\/rna.ao\/wp-json\/wp\/v2\/types\/post"}],"author":[{"embeddable":true,"href":"https:\/\/rna.ao\/rna.ao\/wp-json\/wp\/v2\/users\/8"}],"replies":[{"embeddable":true,"href":"https:\/\/rna.ao\/rna.ao\/wp-json\/wp\/v2\/comments?post=60811"}],"version-history":[{"count":2,"href":"https:\/\/rna.ao\/rna.ao\/wp-json\/wp\/v2\/posts\/60811\/revisions"}],"predecessor-version":[{"id":60821,"href":"https:\/\/rna.ao\/rna.ao\/wp-json\/wp\/v2\/posts\/60811\/revisions\/60821"}],"wp:featuredmedia":[{"embeddable":true,"href":"https:\/\/rna.ao\/rna.ao\/wp-json\/wp\/v2\/media\/60813"}],"wp:attachment":[{"href":"https:\/\/rna.ao\/rna.ao\/wp-json\/wp\/v2\/media?parent=60811"}],"wp:term":[{"taxonomy":"category","embeddable":true,"href":"https:\/\/rna.ao\/rna.ao\/wp-json\/wp\/v2\/categories?post=60811"},{"taxonomy":"post_tag","embeddable":true,"href":"https:\/\/rna.ao\/rna.ao\/wp-json\/wp\/v2\/tags?post=60811"}],"curies":[{"name":"wp","href":"https:\/\/api.w.org\/{rel}","templated":true}]}}