{"id":60801,"date":"2022-05-04T13:03:16","date_gmt":"2022-05-04T12:03:16","guid":{"rendered":"https:\/\/rna.ao\/rna.ao\/?p=60801"},"modified":"2022-05-04T13:03:16","modified_gmt":"2022-05-04T12:03:16","slug":"pr-indica-individualidades-para-integrarem-o-conselho-superior-da-magistratura-do-ministerio-publico","status":"publish","type":"post","link":"https:\/\/rna.ao\/rna.ao\/2022\/05\/04\/pr-indica-individualidades-para-integrarem-o-conselho-superior-da-magistratura-do-ministerio-publico\/","title":{"rendered":"PR indica individualidades para integrarem o Conselho Superior da Magistratura do Minist\u00e9rio P\u00fablico"},"content":{"rendered":"<p><img loading=\"lazy\" class=\"size-full wp-image-24018 alignleft\" src=\"https:\/\/rna.ao\/rna.ao\/wp-content\/uploads\/2021\/05\/PR-e-decretos-assinados.jpg\" alt=\"\" width=\"308\" height=\"205\" \/>O Presidente da Rep\u00fablica procedeu esta quarta-feira, 04 de Maio, a indica\u00e7\u00e3o de individualidades para integrarem o Conselho Superior da Magistratura do Minist\u00e9rio P\u00fablico, e o Conselho Superior da Magistratura Judicial.<\/p>\n<p>Assim sendo, para integrar o Conselho Superior da magistratura do Minist\u00e9rio P\u00fablico foram indicados:<\/p>\n<p>Beatriz David Buiti Lombo<\/p>\n<p>Carlos Jorge Domingos de carvalho Van-D\u00fanem<\/p>\n<p>Claudete Miguel do Sacramento e Sousa<\/p>\n<p>Witold Selfroneo da Gl\u00f3ria Lumuenho<\/p>\n<p>J\u00e1 para o Conselho Superior da Magistratura Judicial, foram indicados:<\/p>\n<p>Am\u00e9lia Augusto varela<\/p>\n<p>Carlos Alberto Cavuiquila<\/p>\n<p>Jos\u00e9 Sequeira Lopes<\/p>\n<p>&nbsp;<\/p>\n","protected":false},"excerpt":{"rendered":"<p>O Presidente da Rep\u00fablica procedeu esta quarta-feira, 04 de Maio, a indica\u00e7\u00e3o de individualidades para integrarem o Conselho Superior da Magistratura do Minist\u00e9rio P\u00fablico, e o Conselho Superior da Magistratura Judicial. Assim sendo, para integrar o Conselho Superior da magistratura do Minist\u00e9rio P\u00fablico foram indicados: Beatriz David Buiti Lombo Carlos ...<\/p>\n","protected":false},"author":8,"featured_media":24018,"comment_status":"closed","ping_status":"closed","sticky":false,"template":"","format":"standard","meta":[],"categories":[121,163],"tags":[],"_links":{"self":[{"href":"https:\/\/rna.ao\/rna.ao\/wp-json\/wp\/v2\/posts\/60801"}],"collection":[{"href":"https:\/\/rna.ao\/rna.ao\/wp-json\/wp\/v2\/posts"}],"about":[{"href":"https:\/\/rna.ao\/rna.ao\/wp-json\/wp\/v2\/types\/post"}],"author":[{"embeddable":true,"href":"https:\/\/rna.ao\/rna.ao\/wp-json\/wp\/v2\/users\/8"}],"replies":[{"embeddable":true,"href":"https:\/\/rna.ao\/rna.ao\/wp-json\/wp\/v2\/comments?post=60801"}],"version-history":[{"count":1,"href":"https:\/\/rna.ao\/rna.ao\/wp-json\/wp\/v2\/posts\/60801\/revisions"}],"predecessor-version":[{"id":60810,"href":"https:\/\/rna.ao\/rna.ao\/wp-json\/wp\/v2\/posts\/60801\/revisions\/60810"}],"wp:featuredmedia":[{"embeddable":true,"href":"https:\/\/rna.ao\/rna.ao\/wp-json\/wp\/v2\/media\/24018"}],"wp:attachment":[{"href":"https:\/\/rna.ao\/rna.ao\/wp-json\/wp\/v2\/media?parent=60801"}],"wp:term":[{"taxonomy":"category","embeddable":true,"href":"https:\/\/rna.ao\/rna.ao\/wp-json\/wp\/v2\/categories?post=60801"},{"taxonomy":"post_tag","embeddable":true,"href":"https:\/\/rna.ao\/rna.ao\/wp-json\/wp\/v2\/tags?post=60801"}],"curies":[{"name":"wp","href":"https:\/\/api.w.org\/{rel}","templated":true}]}}