{"id":60783,"date":"2022-05-04T09:02:04","date_gmt":"2022-05-04T08:02:04","guid":{"rendered":"https:\/\/rna.ao\/rna.ao\/?p=60783"},"modified":"2022-05-04T09:02:04","modified_gmt":"2022-05-04T08:02:04","slug":"cazenga-ganha-mais-uma-escola-primaria-com-capacidade-para-500-alunos-nos-dois-turnos","status":"publish","type":"post","link":"https:\/\/rna.ao\/rna.ao\/2022\/05\/04\/cazenga-ganha-mais-uma-escola-primaria-com-capacidade-para-500-alunos-nos-dois-turnos\/","title":{"rendered":"Cazenga ganha mais uma escola prim\u00e1ria com capacidade para 500 alunos nos dois turnos"},"content":{"rendered":"<p><img loading=\"lazy\" class=\"size-medium wp-image-60788 aligncenter\" src=\"https:\/\/rna.ao\/rna.ao\/wp-content\/uploads\/2022\/05\/Escola-no-Cazenga-770x578.jpg\" alt=\"\" width=\"770\" height=\"578\" srcset=\"https:\/\/rna.ao\/rna.ao\/wp-content\/uploads\/2022\/05\/Escola-no-Cazenga-770x578.jpg 770w, https:\/\/rna.ao\/rna.ao\/wp-content\/uploads\/2022\/05\/Escola-no-Cazenga-768x576.jpg 768w, https:\/\/rna.ao\/rna.ao\/wp-content\/uploads\/2022\/05\/Escola-no-Cazenga.jpg 1024w\" sizes=\"(max-width: 770px) 100vw, 770px\" \/>Uma Escola Primaria com sete salas de aula foi inaugurada no Bairro 11 de Novembro, Distrito do Kima Kieza, Munic\u00edpio do Cazenga. Constru\u00edda no \u00e2mbito do PIIM, tem capacidade para acolher 500 alunos nos dois turnos, e foi batizada com o nome da nacionalista e antiga professora &#8220;Maria Cerqueira&#8221;. A homenagem deixa orgulhosa Gema Cerqueira, filha de Maria Cerqueira. Clique no \u00e1udio e ou\u00e7a:<\/p>\n\t<div class=\"qtmplayer-playlist-large\">\n\t\t<ul class=\"qtmplayer-playlist\">\n\t\t\t\n\t\t\t\t\t<li class=\"qtmplayer-trackitem\">\n\t\t<img src=\"https:\/\/rna.ao\/rna.ao\/wp-content\/uploads\/2022\/05\/Sala-de-aulas-escola-do-Cazenga-100x100.jpg\" alt=\"cover\">\t\t<span \t\t\tdata-qtmplayer-cover=\"https:\/\/rna.ao\/rna.ao\/wp-content\/uploads\/2022\/05\/Sala-de-aulas-escola-do-Cazenga.jpg\"\n\t\t\t\t\t\tdata-qtmplayer-file=\"https:\/\/rna.ao\/rna.ao\/wp-content\/uploads\/2022\/05\/GEMA-CERQUEIRA-FILHA.mp3\"\n\t\t\t\t\t\tdata-qtmplayer-title=\"Cazenga ganha mais uma escola prim\u00e1ria com capacidade para 500 alunos nos dois turnos\"\n\t\t\t\t\t\tdata-qtmplayer-artist=\"RNA\"\n\t\t\t\t\t\tdata-qtmplayer-link=\"https:\/\/rna.ao\/rna.ao\/2022\/05\/04\/cazenga-ganha-mais-uma-escola-primaria-com-capacidade-para-500-alunos-nos-dois-turnos\/\"\n\t\t\t\t\t\tdata-qtmplayer-icon=\"file_download\"\n\t\t\t\t\t\tdata-qtmplayer-type=\"track\"\n\t\t\t class=\"qtmplayer-play qtmplayer-link-sec qtmplayer-play-btn\"><i class='material-icons'>play_arrow<\/i><\/span>\n\t\t<p>\n\t\t\t<span class=\"qtmplayer-tit\">Cazenga ganha mais uma escola prim\u00e1ria com capacidade para 500 alunos nos dois turnos<\/span>\n\t\t\t<span class=\"qtmplayer-art\">RNA<\/span>\n\t\t<\/p>\n\t<\/li>\n\t\t<\/ul>\n\t<\/div>\t\t\t\n\t\n<p>Dion\u00edsio da Fonseca, o Vice-Governador da Prov\u00edncia de Luanda, frequentou o ensino primeiro na mesma Escola da qual tem algumas lembran\u00e7as. Clique no \u00e1udio e ou\u00e7a:<\/p>\n\t<div class=\"qtmplayer-playlist-large\">\n\t\t<ul class=\"qtmplayer-playlist\">\n\t\t\t\n\t\t\t\t\t<li class=\"qtmplayer-trackitem\">\n\t\t<img src=\"https:\/\/rna.ao\/rna.ao\/wp-content\/uploads\/2022\/05\/Sala-de-aulas-escola-do-Cazenga-100x100.jpg\" alt=\"cover\">\t\t<span \t\t\tdata-qtmplayer-cover=\"https:\/\/rna.ao\/rna.ao\/wp-content\/uploads\/2022\/05\/Sala-de-aulas-escola-do-Cazenga.jpg\"\n\t\t\t\t\t\tdata-qtmplayer-file=\"https:\/\/rna.ao\/rna.ao\/wp-content\/uploads\/2022\/05\/DIONISIO-DA-FONSECA-EX-ALUNO.mp3\"\n\t\t\t\t\t\tdata-qtmplayer-title=\"Cazenga ganha mais uma escola prim\u00e1ria com capacidade para 500 alunos nos dois turnos\"\n\t\t\t\t\t\tdata-qtmplayer-artist=\"RNA\"\n\t\t\t\t\t\tdata-qtmplayer-link=\"https:\/\/rna.ao\/rna.ao\/2022\/05\/04\/cazenga-ganha-mais-uma-escola-primaria-com-capacidade-para-500-alunos-nos-dois-turnos\/\"\n\t\t\t\t\t\tdata-qtmplayer-icon=\"file_download\"\n\t\t\t\t\t\tdata-qtmplayer-type=\"track\"\n\t\t\t class=\"qtmplayer-play qtmplayer-link-sec qtmplayer-play-btn\"><i class='material-icons'>play_arrow<\/i><\/span>\n\t\t<p>\n\t\t\t<span class=\"qtmplayer-tit\">Cazenga ganha mais uma escola prim\u00e1ria com capacidade para 500 alunos nos dois turnos<\/span>\n\t\t\t<span class=\"qtmplayer-art\">RNA<\/span>\n\t\t<\/p>\n\t<\/li>\n\t\t<\/ul>\n\t<\/div>\t\t\t\n\t\n<p>Para o Administrador do Munic\u00edpio do Cazenga, Tom\u00e1s Bica, com a inaugura\u00e7\u00e3o dessa Escola, est\u00e3o conclu\u00eddos os projectos do PIIM no Distrito do Kima Kieza. A aten\u00e7\u00e3o agora est\u00e1 direcionada na reabilita\u00e7\u00e3o da s\u00e9tima avenida. Clique no \u00e1udio e ou\u00e7a:<\/p>\n\t<div class=\"qtmplayer-playlist-large\">\n\t\t<ul class=\"qtmplayer-playlist\">\n\t\t\t\n\t\t\t\t\t<li class=\"qtmplayer-trackitem\">\n\t\t<img src=\"https:\/\/rna.ao\/rna.ao\/wp-content\/uploads\/2022\/05\/Sala-de-aulas-escola-do-Cazenga-100x100.jpg\" alt=\"cover\">\t\t<span \t\t\tdata-qtmplayer-cover=\"https:\/\/rna.ao\/rna.ao\/wp-content\/uploads\/2022\/05\/Sala-de-aulas-escola-do-Cazenga.jpg\"\n\t\t\t\t\t\tdata-qtmplayer-file=\"https:\/\/rna.ao\/rna.ao\/wp-content\/uploads\/2022\/05\/TOMAS-BICA-OBRAS-PIIM.mp3\"\n\t\t\t\t\t\tdata-qtmplayer-title=\"Cazenga ganha mais uma escola prim\u00e1ria com capacidade para 500 alunos nos dois turnos\"\n\t\t\t\t\t\tdata-qtmplayer-artist=\"RNA\"\n\t\t\t\t\t\tdata-qtmplayer-link=\"https:\/\/rna.ao\/rna.ao\/2022\/05\/04\/cazenga-ganha-mais-uma-escola-primaria-com-capacidade-para-500-alunos-nos-dois-turnos\/\"\n\t\t\t\t\t\tdata-qtmplayer-icon=\"file_download\"\n\t\t\t\t\t\tdata-qtmplayer-type=\"track\"\n\t\t\t class=\"qtmplayer-play qtmplayer-link-sec qtmplayer-play-btn\"><i class='material-icons'>play_arrow<\/i><\/span>\n\t\t<p>\n\t\t\t<span class=\"qtmplayer-tit\">Cazenga ganha mais uma escola prim\u00e1ria com capacidade para 500 alunos nos dois turnos<\/span>\n\t\t\t<span class=\"qtmplayer-art\">RNA<\/span>\n\t\t<\/p>\n\t<\/li>\n\t\t<\/ul>\n\t<\/div>\t\t\t\n\t\n<p>Fonte: R\u00e1dio Luanda\/RNA<\/p>\n<p>&nbsp;<\/p>\n","protected":false},"excerpt":{"rendered":"<p>Uma Escola Primaria com sete salas de aula foi inaugurada no Bairro 11 de Novembro, Distrito do Kima Kieza, Munic\u00edpio do Cazenga. Constru\u00edda no \u00e2mbito do PIIM, tem capacidade para acolher 500 alunos nos dois turnos, e foi batizada com o nome da nacionalista e antiga professora &#8220;Maria Cerqueira&#8221;. A ...<\/p>\n","protected":false},"author":8,"featured_media":60789,"comment_status":"closed","ping_status":"closed","sticky":false,"template":"","format":"standard","meta":[],"categories":[141,133],"tags":[],"_links":{"self":[{"href":"https:\/\/rna.ao\/rna.ao\/wp-json\/wp\/v2\/posts\/60783"}],"collection":[{"href":"https:\/\/rna.ao\/rna.ao\/wp-json\/wp\/v2\/posts"}],"about":[{"href":"https:\/\/rna.ao\/rna.ao\/wp-json\/wp\/v2\/types\/post"}],"author":[{"embeddable":true,"href":"https:\/\/rna.ao\/rna.ao\/wp-json\/wp\/v2\/users\/8"}],"replies":[{"embeddable":true,"href":"https:\/\/rna.ao\/rna.ao\/wp-json\/wp\/v2\/comments?post=60783"}],"version-history":[{"count":1,"href":"https:\/\/rna.ao\/rna.ao\/wp-json\/wp\/v2\/posts\/60783\/revisions"}],"predecessor-version":[{"id":60790,"href":"https:\/\/rna.ao\/rna.ao\/wp-json\/wp\/v2\/posts\/60783\/revisions\/60790"}],"wp:featuredmedia":[{"embeddable":true,"href":"https:\/\/rna.ao\/rna.ao\/wp-json\/wp\/v2\/media\/60789"}],"wp:attachment":[{"href":"https:\/\/rna.ao\/rna.ao\/wp-json\/wp\/v2\/media?parent=60783"}],"wp:term":[{"taxonomy":"category","embeddable":true,"href":"https:\/\/rna.ao\/rna.ao\/wp-json\/wp\/v2\/categories?post=60783"},{"taxonomy":"post_tag","embeddable":true,"href":"https:\/\/rna.ao\/rna.ao\/wp-json\/wp\/v2\/tags?post=60783"}],"curies":[{"name":"wp","href":"https:\/\/api.w.org\/{rel}","templated":true}]}}