{"id":60776,"date":"2022-05-04T08:54:09","date_gmt":"2022-05-04T07:54:09","guid":{"rendered":"https:\/\/rna.ao\/rna.ao\/?p=60776"},"modified":"2022-05-04T08:54:09","modified_gmt":"2022-05-04T07:54:09","slug":"governadora-de-luanda-inaugura-complexo-escolar-com-capacidade-para-cerca-de-dois-mil-alunos-em-viana","status":"publish","type":"post","link":"https:\/\/rna.ao\/rna.ao\/2022\/05\/04\/governadora-de-luanda-inaugura-complexo-escolar-com-capacidade-para-cerca-de-dois-mil-alunos-em-viana\/","title":{"rendered":"Governadora de Luanda inaugura complexo escolar com capacidade para cerca de dois mil alunos em Viana"},"content":{"rendered":"<p><img loading=\"lazy\" class=\"size-medium wp-image-60780 aligncenter\" src=\"https:\/\/rna.ao\/rna.ao\/wp-content\/uploads\/2022\/05\/Escola-5145-no-Zango-770x456.jpg\" alt=\"\" width=\"770\" height=\"456\" srcset=\"https:\/\/rna.ao\/rna.ao\/wp-content\/uploads\/2022\/05\/Escola-5145-no-Zango-770x456.jpg 770w, https:\/\/rna.ao\/rna.ao\/wp-content\/uploads\/2022\/05\/Escola-5145-no-Zango-1170x694.jpg 1170w, https:\/\/rna.ao\/rna.ao\/wp-content\/uploads\/2022\/05\/Escola-5145-no-Zango-768x455.jpg 768w, https:\/\/rna.ao\/rna.ao\/wp-content\/uploads\/2022\/05\/Escola-5145-no-Zango-1536x911.jpg 1536w, https:\/\/rna.ao\/rna.ao\/wp-content\/uploads\/2022\/05\/Escola-5145-no-Zango.jpg 1901w\" sizes=\"(max-width: 770px) 100vw, 770px\" \/>Cerca de dois mil alunos no Munic\u00edpio de Viana, em Luanda, v\u00e3o estudar em melhores condi\u00e7\u00f5es, com a inaugura\u00e7\u00e3o do complexo escolar do primeiro ciclo. O empreendimento, localizado no Distrito Urbano do Zango, foi constru\u00eddo no \u00e2mbito do PIIM. Ou\u00e7a, no \u00e1udio abaixo, mais dados com a rep\u00f3rter Suzeth Muandumba:<\/p>\n\t<div class=\"qtmplayer-playlist-large\">\n\t\t<ul class=\"qtmplayer-playlist\">\n\t\t\t\n\t\t\t\t\t<li class=\"qtmplayer-trackitem\">\n\t\t<img src=\"https:\/\/rna.ao\/rna.ao\/wp-content\/uploads\/2022\/05\/Alunos-na-sala-de-aulas-100x100.jpg\" alt=\"cover\">\t\t<span \t\t\tdata-qtmplayer-cover=\"https:\/\/rna.ao\/rna.ao\/wp-content\/uploads\/2022\/05\/Alunos-na-sala-de-aulas.jpg\"\n\t\t\t\t\t\tdata-qtmplayer-file=\"https:\/\/rna.ao\/rna.ao\/wp-content\/uploads\/2022\/05\/RADIO-VIANA-INAUGURCAO-PIIM-13HRS.mp3\"\n\t\t\t\t\t\tdata-qtmplayer-title=\"Governadora de Luanda inaugura complexo escolar com capacidade para cerca de dois mil alunos em Viana\"\n\t\t\t\t\t\tdata-qtmplayer-artist=\"RNA\"\n\t\t\t\t\t\tdata-qtmplayer-link=\"https:\/\/rna.ao\/rna.ao\/2022\/05\/04\/governadora-de-luanda-inaugura-complexo-escolar-com-capacidade-para-cerca-de-dois-mil-alunos-em-viana\/\"\n\t\t\t\t\t\tdata-qtmplayer-icon=\"file_download\"\n\t\t\t\t\t\tdata-qtmplayer-type=\"track\"\n\t\t\t class=\"qtmplayer-play qtmplayer-link-sec qtmplayer-play-btn\"><i class='material-icons'>play_arrow<\/i><\/span>\n\t\t<p>\n\t\t\t<span class=\"qtmplayer-tit\">Governadora de Luanda inaugura complexo escolar com capacidade para cerca de dois mil alunos em Viana<\/span>\n\t\t\t<span class=\"qtmplayer-art\">RNA<\/span>\n\t\t<\/p>\n\t<\/li>\n\t\t<\/ul>\n\t<\/div>\t\t\t\n\t\n<p>Fonte: R\u00e1dio Luanda\/RNA<\/p>\n","protected":false},"excerpt":{"rendered":"<p>Cerca de dois mil alunos no Munic\u00edpio de Viana, em Luanda, v\u00e3o estudar em melhores condi\u00e7\u00f5es, com a inaugura\u00e7\u00e3o do complexo escolar do primeiro ciclo. O empreendimento, localizado no Distrito Urbano do Zango, foi constru\u00eddo no \u00e2mbito do PIIM. Ou\u00e7a, no \u00e1udio abaixo, mais dados com a rep\u00f3rter Suzeth Muandumba: ...<\/p>\n","protected":false},"author":8,"featured_media":60781,"comment_status":"closed","ping_status":"closed","sticky":false,"template":"","format":"standard","meta":[],"categories":[141,133],"tags":[],"_links":{"self":[{"href":"https:\/\/rna.ao\/rna.ao\/wp-json\/wp\/v2\/posts\/60776"}],"collection":[{"href":"https:\/\/rna.ao\/rna.ao\/wp-json\/wp\/v2\/posts"}],"about":[{"href":"https:\/\/rna.ao\/rna.ao\/wp-json\/wp\/v2\/types\/post"}],"author":[{"embeddable":true,"href":"https:\/\/rna.ao\/rna.ao\/wp-json\/wp\/v2\/users\/8"}],"replies":[{"embeddable":true,"href":"https:\/\/rna.ao\/rna.ao\/wp-json\/wp\/v2\/comments?post=60776"}],"version-history":[{"count":1,"href":"https:\/\/rna.ao\/rna.ao\/wp-json\/wp\/v2\/posts\/60776\/revisions"}],"predecessor-version":[{"id":60782,"href":"https:\/\/rna.ao\/rna.ao\/wp-json\/wp\/v2\/posts\/60776\/revisions\/60782"}],"wp:featuredmedia":[{"embeddable":true,"href":"https:\/\/rna.ao\/rna.ao\/wp-json\/wp\/v2\/media\/60781"}],"wp:attachment":[{"href":"https:\/\/rna.ao\/rna.ao\/wp-json\/wp\/v2\/media?parent=60776"}],"wp:term":[{"taxonomy":"category","embeddable":true,"href":"https:\/\/rna.ao\/rna.ao\/wp-json\/wp\/v2\/categories?post=60776"},{"taxonomy":"post_tag","embeddable":true,"href":"https:\/\/rna.ao\/rna.ao\/wp-json\/wp\/v2\/tags?post=60776"}],"curies":[{"name":"wp","href":"https:\/\/api.w.org\/{rel}","templated":true}]}}