{"id":60768,"date":"2022-05-04T08:05:14","date_gmt":"2022-05-04T07:05:14","guid":{"rendered":"https:\/\/rna.ao\/rna.ao\/?p=60768"},"modified":"2022-05-04T08:05:14","modified_gmt":"2022-05-04T07:05:14","slug":"cidadaos-de-cabinda-tem-tudo-para-se-sentir-orgulhosos-disse-virgilio-de-fontes-pereira-na-visitar-as-obras-da-centralidade","status":"publish","type":"post","link":"https:\/\/rna.ao\/rna.ao\/2022\/05\/04\/cidadaos-de-cabinda-tem-tudo-para-se-sentir-orgulhosos-disse-virgilio-de-fontes-pereira-na-visitar-as-obras-da-centralidade\/","title":{"rendered":"&#8220;Cidad\u00e3os de Cabinda t\u00eam tudo para se sentir orgulhosos&#8221;, disse Virg\u00edlio de Fontes Pereira na visitar \u00e0s obras da Centralidade"},"content":{"rendered":"<p><img loading=\"lazy\" class=\"size-medium wp-image-60772 aligncenter\" src=\"https:\/\/rna.ao\/rna.ao\/wp-content\/uploads\/2022\/05\/Centralidade-de-Cabinda-obras-770x578.jpg\" alt=\"\" width=\"770\" height=\"578\" srcset=\"https:\/\/rna.ao\/rna.ao\/wp-content\/uploads\/2022\/05\/Centralidade-de-Cabinda-obras-770x578.jpg 770w, https:\/\/rna.ao\/rna.ao\/wp-content\/uploads\/2022\/05\/Centralidade-de-Cabinda-obras-1170x878.jpg 1170w, https:\/\/rna.ao\/rna.ao\/wp-content\/uploads\/2022\/05\/Centralidade-de-Cabinda-obras-768x576.jpg 768w, https:\/\/rna.ao\/rna.ao\/wp-content\/uploads\/2022\/05\/Centralidade-de-Cabinda-obras.jpg 1280w\" sizes=\"(max-width: 770px) 100vw, 770px\" \/>Novas perspectivas abrem-se, quanto \u00e0 conclus\u00e3o das obras da Centralidade da Prov\u00edncia de Cabinda, que dever\u00e3o estar prontas em Agosto pr\u00f3ximo. O projecto conforma 469 pr\u00e9dios, que perfazem o total de tr\u00eas mil apartamentos, dezoito lojas, duas escolas prim\u00e1rias, centros de sa\u00fade e outros equipamentos sociais. Saiba mais, no \u00e1udio abaixo, na reportagem da Deolinda Lu\u00eds:<\/p>\n\t<div class=\"qtmplayer-playlist-large\">\n\t\t<ul class=\"qtmplayer-playlist\">\n\t\t\t\n\t\t\t\t\t<li class=\"qtmplayer-trackitem\">\n\t\t<img src=\"https:\/\/rna.ao\/rna.ao\/wp-content\/uploads\/2022\/05\/Virgilio-de-Fontes-Pereira-100x100.jpg\" alt=\"cover\">\t\t<span \t\t\tdata-qtmplayer-cover=\"https:\/\/rna.ao\/rna.ao\/wp-content\/uploads\/2022\/05\/Virgilio-de-Fontes-Pereira.jpg\"\n\t\t\t\t\t\tdata-qtmplayer-file=\"https:\/\/rna.ao\/rna.ao\/wp-content\/uploads\/2022\/05\/CABINDA-CENTRALIDADE-BOM-7HRS.mp3\"\n\t\t\t\t\t\tdata-qtmplayer-title=\"&#8220;Cidad\u00e3os de Cabinda t\u00eam tudo para se sentir orgulhosos&#8221;, disse Virg\u00edlio de Fontes Pereira na visitar \u00e0s obras da Centralidade\"\n\t\t\t\t\t\tdata-qtmplayer-artist=\"RNA\"\n\t\t\t\t\t\tdata-qtmplayer-link=\"https:\/\/rna.ao\/rna.ao\/2022\/05\/04\/cidadaos-de-cabinda-tem-tudo-para-se-sentir-orgulhosos-disse-virgilio-de-fontes-pereira-na-visitar-as-obras-da-centralidade\/\"\n\t\t\t\t\t\tdata-qtmplayer-icon=\"file_download\"\n\t\t\t\t\t\tdata-qtmplayer-type=\"track\"\n\t\t\t class=\"qtmplayer-play qtmplayer-link-sec qtmplayer-play-btn\"><i class='material-icons'>play_arrow<\/i><\/span>\n\t\t<p>\n\t\t\t<span class=\"qtmplayer-tit\">&#8220;Cidad\u00e3os de Cabinda t\u00eam tudo para se sentir orgulhosos&#8221;, disse Virg\u00edlio de Fontes Pereira na visitar \u00e0s obras da Centralidade<\/span>\n\t\t\t<span class=\"qtmplayer-art\">RNA<\/span>\n\t\t<\/p>\n\t<\/li>\n\t\t<\/ul>\n\t<\/div>\t\t\t\n\t\n<p>Fonte: RNA<\/p>\n","protected":false},"excerpt":{"rendered":"<p>Novas perspectivas abrem-se, quanto \u00e0 conclus\u00e3o das obras da Centralidade da Prov\u00edncia de Cabinda, que dever\u00e3o estar prontas em Agosto pr\u00f3ximo. O projecto conforma 469 pr\u00e9dios, que perfazem o total de tr\u00eas mil apartamentos, dezoito lojas, duas escolas prim\u00e1rias, centros de sa\u00fade e outros equipamentos sociais. Saiba mais, no \u00e1udio ...<\/p>\n","protected":false},"author":8,"featured_media":60773,"comment_status":"closed","ping_status":"closed","sticky":false,"template":"","format":"standard","meta":[],"categories":[121,163],"tags":[],"_links":{"self":[{"href":"https:\/\/rna.ao\/rna.ao\/wp-json\/wp\/v2\/posts\/60768"}],"collection":[{"href":"https:\/\/rna.ao\/rna.ao\/wp-json\/wp\/v2\/posts"}],"about":[{"href":"https:\/\/rna.ao\/rna.ao\/wp-json\/wp\/v2\/types\/post"}],"author":[{"embeddable":true,"href":"https:\/\/rna.ao\/rna.ao\/wp-json\/wp\/v2\/users\/8"}],"replies":[{"embeddable":true,"href":"https:\/\/rna.ao\/rna.ao\/wp-json\/wp\/v2\/comments?post=60768"}],"version-history":[{"count":1,"href":"https:\/\/rna.ao\/rna.ao\/wp-json\/wp\/v2\/posts\/60768\/revisions"}],"predecessor-version":[{"id":60774,"href":"https:\/\/rna.ao\/rna.ao\/wp-json\/wp\/v2\/posts\/60768\/revisions\/60774"}],"wp:featuredmedia":[{"embeddable":true,"href":"https:\/\/rna.ao\/rna.ao\/wp-json\/wp\/v2\/media\/60773"}],"wp:attachment":[{"href":"https:\/\/rna.ao\/rna.ao\/wp-json\/wp\/v2\/media?parent=60768"}],"wp:term":[{"taxonomy":"category","embeddable":true,"href":"https:\/\/rna.ao\/rna.ao\/wp-json\/wp\/v2\/categories?post=60768"},{"taxonomy":"post_tag","embeddable":true,"href":"https:\/\/rna.ao\/rna.ao\/wp-json\/wp\/v2\/tags?post=60768"}],"curies":[{"name":"wp","href":"https:\/\/api.w.org\/{rel}","templated":true}]}}