{"id":60764,"date":"2022-05-04T07:44:17","date_gmt":"2022-05-04T06:44:17","guid":{"rendered":"https:\/\/rna.ao\/rna.ao\/?p=60764"},"modified":"2022-05-04T07:44:17","modified_gmt":"2022-05-04T06:44:17","slug":"cuanza-norte-48-residencias-correm-o-risco-de-serem-engolidas-por-ravinas-de-grandes-proporcoes","status":"publish","type":"post","link":"https:\/\/rna.ao\/rna.ao\/2022\/05\/04\/cuanza-norte-48-residencias-correm-o-risco-de-serem-engolidas-por-ravinas-de-grandes-proporcoes\/","title":{"rendered":"Cuanza-Norte: 48 resid\u00eancias correm o risco de serem engolidas por ravinas de grandes propor\u00e7\u00f5es"},"content":{"rendered":"<p><img loading=\"lazy\" class=\"size-full wp-image-60766 alignleft\" src=\"https:\/\/rna.ao\/rna.ao\/wp-content\/uploads\/2022\/05\/Ravinas.jpg\" alt=\"\" width=\"308\" height=\"240\" \/>A progress\u00e3o e acelera\u00e7\u00e3o de nove ravinas de grandes propor\u00e7\u00f5es em Camabatela, na Prov\u00edncia do Cuanza-Norte, colocam em risco 48 resid\u00eancias que podem desabar, a qualquer momento, se n\u00e3o forem tomadas medidas de conten\u00e7\u00e3o. Ou\u00e7a, no \u00e1udio abaixo, toda hist\u00f3ria com o rep\u00f3rter Daniel Ant\u00f3nio:<\/p>\n\t<div class=\"qtmplayer-playlist-large\">\n\t\t<ul class=\"qtmplayer-playlist\">\n\t\t\t\n\t\t\t\t\t<li class=\"qtmplayer-trackitem\">\n\t\t<img src=\"https:\/\/rna.ao\/rna.ao\/wp-content\/uploads\/2022\/05\/Ravinas-100x100.jpg\" alt=\"cover\">\t\t<span \t\t\tdata-qtmplayer-cover=\"https:\/\/rna.ao\/rna.ao\/wp-content\/uploads\/2022\/05\/Ravinas.jpg\"\n\t\t\t\t\t\tdata-qtmplayer-file=\"https:\/\/rna.ao\/rna.ao\/wp-content\/uploads\/2022\/05\/KWANZA-NORTE-RAVINAS-7HRS.mp3\"\n\t\t\t\t\t\tdata-qtmplayer-title=\"Cuanza-Norte: 48 resid\u00eancias correm o risco de serem engolidas por ravinas de grandes propor\u00e7\u00f5es\"\n\t\t\t\t\t\tdata-qtmplayer-artist=\"RNA\"\n\t\t\t\t\t\tdata-qtmplayer-link=\"https:\/\/rna.ao\/rna.ao\/2022\/05\/04\/cuanza-norte-48-residencias-correm-o-risco-de-serem-engolidas-por-ravinas-de-grandes-proporcoes\/\"\n\t\t\t\t\t\tdata-qtmplayer-icon=\"file_download\"\n\t\t\t\t\t\tdata-qtmplayer-type=\"track\"\n\t\t\t class=\"qtmplayer-play qtmplayer-link-sec qtmplayer-play-btn\"><i class='material-icons'>play_arrow<\/i><\/span>\n\t\t<p>\n\t\t\t<span class=\"qtmplayer-tit\">Cuanza-Norte: 48 resid\u00eancias correm o risco de serem engolidas por ravinas de grandes propor\u00e7\u00f5es<\/span>\n\t\t\t<span class=\"qtmplayer-art\">RNA<\/span>\n\t\t<\/p>\n\t<\/li>\n\t\t<\/ul>\n\t<\/div>\t\t\t\n\t\n<p>Fonte: RNA<\/p>\n","protected":false},"excerpt":{"rendered":"<p>A progress\u00e3o e acelera\u00e7\u00e3o de nove ravinas de grandes propor\u00e7\u00f5es em Camabatela, na Prov\u00edncia do Cuanza-Norte, colocam em risco 48 resid\u00eancias que podem desabar, a qualquer momento, se n\u00e3o forem tomadas medidas de conten\u00e7\u00e3o. Ou\u00e7a, no \u00e1udio abaixo, toda hist\u00f3ria com o rep\u00f3rter Daniel Ant\u00f3nio: Fonte: RNA<\/p>\n","protected":false},"author":8,"featured_media":60766,"comment_status":"closed","ping_status":"closed","sticky":false,"template":"","format":"standard","meta":[],"categories":[142,121,163],"tags":[],"_links":{"self":[{"href":"https:\/\/rna.ao\/rna.ao\/wp-json\/wp\/v2\/posts\/60764"}],"collection":[{"href":"https:\/\/rna.ao\/rna.ao\/wp-json\/wp\/v2\/posts"}],"about":[{"href":"https:\/\/rna.ao\/rna.ao\/wp-json\/wp\/v2\/types\/post"}],"author":[{"embeddable":true,"href":"https:\/\/rna.ao\/rna.ao\/wp-json\/wp\/v2\/users\/8"}],"replies":[{"embeddable":true,"href":"https:\/\/rna.ao\/rna.ao\/wp-json\/wp\/v2\/comments?post=60764"}],"version-history":[{"count":1,"href":"https:\/\/rna.ao\/rna.ao\/wp-json\/wp\/v2\/posts\/60764\/revisions"}],"predecessor-version":[{"id":60767,"href":"https:\/\/rna.ao\/rna.ao\/wp-json\/wp\/v2\/posts\/60764\/revisions\/60767"}],"wp:featuredmedia":[{"embeddable":true,"href":"https:\/\/rna.ao\/rna.ao\/wp-json\/wp\/v2\/media\/60766"}],"wp:attachment":[{"href":"https:\/\/rna.ao\/rna.ao\/wp-json\/wp\/v2\/media?parent=60764"}],"wp:term":[{"taxonomy":"category","embeddable":true,"href":"https:\/\/rna.ao\/rna.ao\/wp-json\/wp\/v2\/categories?post=60764"},{"taxonomy":"post_tag","embeddable":true,"href":"https:\/\/rna.ao\/rna.ao\/wp-json\/wp\/v2\/tags?post=60764"}],"curies":[{"name":"wp","href":"https:\/\/api.w.org\/{rel}","templated":true}]}}