{"id":60745,"date":"2022-05-04T06:38:15","date_gmt":"2022-05-04T05:38:15","guid":{"rendered":"https:\/\/rna.ao\/rna.ao\/?p=60745"},"modified":"2022-05-04T06:38:15","modified_gmt":"2022-05-04T05:38:15","slug":"fada-vai-conceder-credito-aos-agricultores-da-regiao-sul-de-angola","status":"publish","type":"post","link":"https:\/\/rna.ao\/rna.ao\/2022\/05\/04\/fada-vai-conceder-credito-aos-agricultores-da-regiao-sul-de-angola\/","title":{"rendered":"FADA vai conceder cr\u00e9dito aos agricultores da regi\u00e3o sul de Angola"},"content":{"rendered":"<p><img loading=\"lazy\" class=\"size-medium wp-image-55820 aligncenter\" src=\"https:\/\/rna.ao\/rna.ao\/wp-content\/uploads\/2022\/03\/agricultura-familiar-1024x643-1-770x484.jpg\" alt=\"\" width=\"770\" height=\"484\" srcset=\"https:\/\/rna.ao\/rna.ao\/wp-content\/uploads\/2022\/03\/agricultura-familiar-1024x643-1-770x484.jpg 770w, https:\/\/rna.ao\/rna.ao\/wp-content\/uploads\/2022\/03\/agricultura-familiar-1024x643-1-768x482.jpg 768w, https:\/\/rna.ao\/rna.ao\/wp-content\/uploads\/2022\/03\/agricultura-familiar-1024x643-1.jpg 1024w\" sizes=\"(max-width: 770px) 100vw, 770px\" \/>O Fundo de Apoio ao Desenvolvimento Agr\u00edcola (FADA) vai financiar projectos para jovens, na regi\u00e3o sul do pa\u00eds. Numa primeira fase, o cr\u00e9dito inicial ser\u00e1 de 25 milh\u00f5es de Kwanzas, e vai beneficiar cinquenta jovens. Clique, no \u00e1udio abaixo, e saiba mais na reportagem do Airton Kenha:<\/p>\n\t<div class=\"qtmplayer-playlist-large\">\n\t\t<ul class=\"qtmplayer-playlist\">\n\t\t\t\n\t\t\t\t\t<li class=\"qtmplayer-trackitem\">\n\t\t<img src=\"https:\/\/rna.ao\/rna.ao\/wp-content\/uploads\/2022\/03\/agricultura-familiar-1024x643-1-100x100.jpg\" alt=\"cover\">\t\t<span \t\t\tdata-qtmplayer-cover=\"https:\/\/rna.ao\/rna.ao\/wp-content\/uploads\/2022\/03\/agricultura-familiar-1024x643-1-370x370.jpg\"\n\t\t\t\t\t\tdata-qtmplayer-file=\"https:\/\/rna.ao\/rna.ao\/wp-content\/uploads\/2022\/05\/HUILA-FADA-06HRS.mp3\"\n\t\t\t\t\t\tdata-qtmplayer-title=\"FADA vai conceder cr\u00e9dito aos agricultores da regi\u00e3o sul de Angola\"\n\t\t\t\t\t\tdata-qtmplayer-artist=\"RNA\"\n\t\t\t\t\t\tdata-qtmplayer-link=\"https:\/\/rna.ao\/rna.ao\/2022\/05\/04\/fada-vai-conceder-credito-aos-agricultores-da-regiao-sul-de-angola\/\"\n\t\t\t\t\t\tdata-qtmplayer-icon=\"file_download\"\n\t\t\t\t\t\tdata-qtmplayer-type=\"track\"\n\t\t\t class=\"qtmplayer-play qtmplayer-link-sec qtmplayer-play-btn\"><i class='material-icons'>play_arrow<\/i><\/span>\n\t\t<p>\n\t\t\t<span class=\"qtmplayer-tit\">FADA vai conceder cr\u00e9dito aos agricultores da regi\u00e3o sul de Angola<\/span>\n\t\t\t<span class=\"qtmplayer-art\">RNA<\/span>\n\t\t<\/p>\n\t<\/li>\n\t\t<\/ul>\n\t<\/div>\t\t\t\n\t\n<p>Fonte: RNA<\/p>\n","protected":false},"excerpt":{"rendered":"<p>O Fundo de Apoio ao Desenvolvimento Agr\u00edcola (FADA) vai financiar projectos para jovens, na regi\u00e3o sul do pa\u00eds. Numa primeira fase, o cr\u00e9dito inicial ser\u00e1 de 25 milh\u00f5es de Kwanzas, e vai beneficiar cinquenta jovens. Clique, no \u00e1udio abaixo, e saiba mais na reportagem do Airton Kenha: Fonte: RNA<\/p>\n","protected":false},"author":8,"featured_media":55820,"comment_status":"closed","ping_status":"closed","sticky":false,"template":"","format":"standard","meta":[],"categories":[142,121,164,163],"tags":[],"_links":{"self":[{"href":"https:\/\/rna.ao\/rna.ao\/wp-json\/wp\/v2\/posts\/60745"}],"collection":[{"href":"https:\/\/rna.ao\/rna.ao\/wp-json\/wp\/v2\/posts"}],"about":[{"href":"https:\/\/rna.ao\/rna.ao\/wp-json\/wp\/v2\/types\/post"}],"author":[{"embeddable":true,"href":"https:\/\/rna.ao\/rna.ao\/wp-json\/wp\/v2\/users\/8"}],"replies":[{"embeddable":true,"href":"https:\/\/rna.ao\/rna.ao\/wp-json\/wp\/v2\/comments?post=60745"}],"version-history":[{"count":1,"href":"https:\/\/rna.ao\/rna.ao\/wp-json\/wp\/v2\/posts\/60745\/revisions"}],"predecessor-version":[{"id":60747,"href":"https:\/\/rna.ao\/rna.ao\/wp-json\/wp\/v2\/posts\/60745\/revisions\/60747"}],"wp:featuredmedia":[{"embeddable":true,"href":"https:\/\/rna.ao\/rna.ao\/wp-json\/wp\/v2\/media\/55820"}],"wp:attachment":[{"href":"https:\/\/rna.ao\/rna.ao\/wp-json\/wp\/v2\/media?parent=60745"}],"wp:term":[{"taxonomy":"category","embeddable":true,"href":"https:\/\/rna.ao\/rna.ao\/wp-json\/wp\/v2\/categories?post=60745"},{"taxonomy":"post_tag","embeddable":true,"href":"https:\/\/rna.ao\/rna.ao\/wp-json\/wp\/v2\/tags?post=60745"}],"curies":[{"name":"wp","href":"https:\/\/api.w.org\/{rel}","templated":true}]}}