{"id":57755,"date":"2022-04-07T08:28:04","date_gmt":"2022-04-07T07:28:04","guid":{"rendered":"https:\/\/rna.ao\/rna.ao\/?p=57755"},"modified":"2022-04-07T08:28:04","modified_gmt":"2022-04-07T07:28:04","slug":"amotrang-convida-seus-associados-a-aderirem-ao-processo-de-registo-eleitoral-oficioso","status":"publish","type":"post","link":"https:\/\/rna.ao\/rna.ao\/2022\/04\/07\/amotrang-convida-seus-associados-a-aderirem-ao-processo-de-registo-eleitoral-oficioso\/","title":{"rendered":"AMOTRANG convida seus associados a aderirem ao processo de registo eleitoral oficioso"},"content":{"rendered":"<p><img loading=\"lazy\" class=\"size-full wp-image-57758 aligncenter\" src=\"https:\/\/rna.ao\/rna.ao\/wp-content\/uploads\/2022\/04\/img-1.jpg\" alt=\"\" width=\"583\" height=\"291\" \/>A Associa\u00e7\u00e3o dos Motoqueiros e Transportadoras de Angola, &#8220;AMOTRANG&#8221;, realiza os \u00faltimos esfor\u00e7os juntos dos eus membros de todo o pa\u00eds a aderirem ao registo eleitoral oficioso. O apelo, foi feito pelo seu Presidente, Bento Rafael, no Munic\u00edpio de Cacuaco.\u00a0Clique no \u00e1udio abaixo e ou\u00e7a mais dados na reportagem do Lucas Justino:<\/p>\n\t<div class=\"qtmplayer-playlist-large\">\n\t\t<ul class=\"qtmplayer-playlist\">\n\t\t\t\n\t\t\t\t\t<li class=\"qtmplayer-trackitem\">\n\t\t<img src=\"https:\/\/rna.ao\/rna.ao\/wp-content\/uploads\/2022\/04\/BENTO-RAFAEL-scaled-1-100x100.jpg\" alt=\"cover\">\t\t<span \t\t\tdata-qtmplayer-cover=\"https:\/\/rna.ao\/rna.ao\/wp-content\/uploads\/2022\/04\/BENTO-RAFAEL-scaled-1-370x370.jpg\"\n\t\t\t\t\t\tdata-qtmplayer-file=\"https:\/\/rna.ao\/rna.ao\/wp-content\/uploads\/2022\/04\/RADIO-CACUACO-AMOTRANG-07-HRS.mp3\"\n\t\t\t\t\t\tdata-qtmplayer-title=\"AMOTRANG convida seus associados a aderirem ao processo de registo eleitoral oficioso\"\n\t\t\t\t\t\tdata-qtmplayer-artist=\"RNA\"\n\t\t\t\t\t\tdata-qtmplayer-link=\"https:\/\/rna.ao\/rna.ao\/2022\/04\/07\/amotrang-convida-seus-associados-a-aderirem-ao-processo-de-registo-eleitoral-oficioso\/\"\n\t\t\t\t\t\tdata-qtmplayer-icon=\"file_download\"\n\t\t\t\t\t\tdata-qtmplayer-type=\"track\"\n\t\t\t class=\"qtmplayer-play qtmplayer-link-sec qtmplayer-play-btn\"><i class='material-icons'>play_arrow<\/i><\/span>\n\t\t<p>\n\t\t\t<span class=\"qtmplayer-tit\">AMOTRANG convida seus associados a aderirem ao processo de registo eleitoral oficioso<\/span>\n\t\t\t<span class=\"qtmplayer-art\">RNA<\/span>\n\t\t<\/p>\n\t<\/li>\n\t\t<\/ul>\n\t<\/div>\t\t\t\n\t\n","protected":false},"excerpt":{"rendered":"<p>A Associa\u00e7\u00e3o dos Motoqueiros e Transportadoras de Angola, &#8220;AMOTRANG&#8221;, realiza os \u00faltimos esfor\u00e7os juntos dos eus membros de todo o pa\u00eds a aderirem ao registo eleitoral oficioso. O apelo, foi feito pelo seu Presidente, Bento Rafael, no Munic\u00edpio de Cacuaco.\u00a0Clique no \u00e1udio abaixo e ou\u00e7a mais dados na reportagem do ...<\/p>\n","protected":false},"author":8,"featured_media":57757,"comment_status":"closed","ping_status":"closed","sticky":false,"template":"","format":"standard","meta":[],"categories":[142,121,163],"tags":[],"_links":{"self":[{"href":"https:\/\/rna.ao\/rna.ao\/wp-json\/wp\/v2\/posts\/57755"}],"collection":[{"href":"https:\/\/rna.ao\/rna.ao\/wp-json\/wp\/v2\/posts"}],"about":[{"href":"https:\/\/rna.ao\/rna.ao\/wp-json\/wp\/v2\/types\/post"}],"author":[{"embeddable":true,"href":"https:\/\/rna.ao\/rna.ao\/wp-json\/wp\/v2\/users\/8"}],"replies":[{"embeddable":true,"href":"https:\/\/rna.ao\/rna.ao\/wp-json\/wp\/v2\/comments?post=57755"}],"version-history":[{"count":1,"href":"https:\/\/rna.ao\/rna.ao\/wp-json\/wp\/v2\/posts\/57755\/revisions"}],"predecessor-version":[{"id":57759,"href":"https:\/\/rna.ao\/rna.ao\/wp-json\/wp\/v2\/posts\/57755\/revisions\/57759"}],"wp:featuredmedia":[{"embeddable":true,"href":"https:\/\/rna.ao\/rna.ao\/wp-json\/wp\/v2\/media\/57757"}],"wp:attachment":[{"href":"https:\/\/rna.ao\/rna.ao\/wp-json\/wp\/v2\/media?parent=57755"}],"wp:term":[{"taxonomy":"category","embeddable":true,"href":"https:\/\/rna.ao\/rna.ao\/wp-json\/wp\/v2\/categories?post=57755"},{"taxonomy":"post_tag","embeddable":true,"href":"https:\/\/rna.ao\/rna.ao\/wp-json\/wp\/v2\/tags?post=57755"}],"curies":[{"name":"wp","href":"https:\/\/api.w.org\/{rel}","templated":true}]}}