{"id":57751,"date":"2022-04-07T08:21:17","date_gmt":"2022-04-07T07:21:17","guid":{"rendered":"https:\/\/rna.ao\/rna.ao\/?p=57751"},"modified":"2022-04-07T08:21:17","modified_gmt":"2022-04-07T07:21:17","slug":"tribunal-constitucional-realiza-seminario-de-capacitacao-sobre-processo-eleitoral","status":"publish","type":"post","link":"https:\/\/rna.ao\/rna.ao\/2022\/04\/07\/tribunal-constitucional-realiza-seminario-de-capacitacao-sobre-processo-eleitoral\/","title":{"rendered":"Tribunal Constitucional realiza semin\u00e1rio de capacita\u00e7\u00e3o sobre processo eleitoral"},"content":{"rendered":"<p><img loading=\"lazy\" class=\"size-full wp-image-19934 alignleft\" src=\"https:\/\/rna.ao\/rna.ao\/wp-content\/uploads\/2021\/03\/Tribunal-Juristas.jpg\" alt=\"\" width=\"258\" height=\"172\" \/>A apresenta\u00e7\u00e3o de candidaturas \u00e0s elei\u00e7\u00f5es gerais e o contencioso do processo eleitoral, s\u00e3o os dois temas que v\u00e3o marcar o Semin\u00e1rio de capacita\u00e7\u00e3o sobre o processo eleitoral que o Tribunal Constitucional realiza hoje, 7 de Abril e amanh\u00e3, (8) na Prov\u00edncia de Luanda. Partidos Pol\u00edticos, Coliga\u00e7\u00f5es de Partidos Pol\u00edticos e Comiss\u00f5es Instaladores de partidos participam da forma\u00e7\u00e3o. Clique no \u00e1udio abaixo e ou\u00e7a mais dados na reportagem do Manuel Esperan\u00e7a:<\/p>\n\t<div class=\"qtmplayer-playlist-large\">\n\t\t<ul class=\"qtmplayer-playlist\">\n\t\t\t\n\t\t\t\t\t<li class=\"qtmplayer-trackitem\">\n\t\t<img src=\"https:\/\/rna.ao\/rna.ao\/wp-content\/uploads\/2021\/02\/Tribunal-Constitucional-1-100x100.jpg\" alt=\"cover\">\t\t<span \t\t\tdata-qtmplayer-cover=\"https:\/\/rna.ao\/rna.ao\/wp-content\/uploads\/2021\/02\/Tribunal-Constitucional-1.jpg\"\n\t\t\t\t\t\tdata-qtmplayer-file=\"https:\/\/rna.ao\/rna.ao\/wp-content\/uploads\/2022\/04\/MANUEL-ESPERANCA-07HRS.mp3\"\n\t\t\t\t\t\tdata-qtmplayer-title=\"Tribunal Constitucional realiza semin\u00e1rio de capacita\u00e7\u00e3o sobre processo eleitoral\"\n\t\t\t\t\t\tdata-qtmplayer-artist=\"RNA\"\n\t\t\t\t\t\tdata-qtmplayer-link=\"https:\/\/rna.ao\/rna.ao\/2022\/04\/07\/tribunal-constitucional-realiza-seminario-de-capacitacao-sobre-processo-eleitoral\/\"\n\t\t\t\t\t\tdata-qtmplayer-icon=\"file_download\"\n\t\t\t\t\t\tdata-qtmplayer-type=\"track\"\n\t\t\t class=\"qtmplayer-play qtmplayer-link-sec qtmplayer-play-btn\"><i class='material-icons'>play_arrow<\/i><\/span>\n\t\t<p>\n\t\t\t<span class=\"qtmplayer-tit\">Tribunal Constitucional realiza semin\u00e1rio de capacita\u00e7\u00e3o sobre processo eleitoral<\/span>\n\t\t\t<span class=\"qtmplayer-art\">RNA<\/span>\n\t\t<\/p>\n\t<\/li>\n\t\t<\/ul>\n\t<\/div>\t\t\t\n\t\n","protected":false},"excerpt":{"rendered":"<p>A apresenta\u00e7\u00e3o de candidaturas \u00e0s elei\u00e7\u00f5es gerais e o contencioso do processo eleitoral, s\u00e3o os dois temas que v\u00e3o marcar o Semin\u00e1rio de capacita\u00e7\u00e3o sobre o processo eleitoral que o Tribunal Constitucional realiza hoje, 7 de Abril e amanh\u00e3, (8) na Prov\u00edncia de Luanda. Partidos Pol\u00edticos, Coliga\u00e7\u00f5es de Partidos Pol\u00edticos ...<\/p>\n","protected":false},"author":8,"featured_media":16379,"comment_status":"closed","ping_status":"closed","sticky":false,"template":"","format":"standard","meta":[],"categories":[142,121,163],"tags":[],"_links":{"self":[{"href":"https:\/\/rna.ao\/rna.ao\/wp-json\/wp\/v2\/posts\/57751"}],"collection":[{"href":"https:\/\/rna.ao\/rna.ao\/wp-json\/wp\/v2\/posts"}],"about":[{"href":"https:\/\/rna.ao\/rna.ao\/wp-json\/wp\/v2\/types\/post"}],"author":[{"embeddable":true,"href":"https:\/\/rna.ao\/rna.ao\/wp-json\/wp\/v2\/users\/8"}],"replies":[{"embeddable":true,"href":"https:\/\/rna.ao\/rna.ao\/wp-json\/wp\/v2\/comments?post=57751"}],"version-history":[{"count":1,"href":"https:\/\/rna.ao\/rna.ao\/wp-json\/wp\/v2\/posts\/57751\/revisions"}],"predecessor-version":[{"id":57754,"href":"https:\/\/rna.ao\/rna.ao\/wp-json\/wp\/v2\/posts\/57751\/revisions\/57754"}],"wp:featuredmedia":[{"embeddable":true,"href":"https:\/\/rna.ao\/rna.ao\/wp-json\/wp\/v2\/media\/16379"}],"wp:attachment":[{"href":"https:\/\/rna.ao\/rna.ao\/wp-json\/wp\/v2\/media?parent=57751"}],"wp:term":[{"taxonomy":"category","embeddable":true,"href":"https:\/\/rna.ao\/rna.ao\/wp-json\/wp\/v2\/categories?post=57751"},{"taxonomy":"post_tag","embeddable":true,"href":"https:\/\/rna.ao\/rna.ao\/wp-json\/wp\/v2\/tags?post=57751"}],"curies":[{"name":"wp","href":"https:\/\/api.w.org\/{rel}","templated":true}]}}