{"id":57746,"date":"2022-04-07T08:07:45","date_gmt":"2022-04-07T07:07:45","guid":{"rendered":"https:\/\/rna.ao\/rna.ao\/?p=57746"},"modified":"2022-04-07T08:07:45","modified_gmt":"2022-04-07T07:07:45","slug":"angola-vai-transmitir-experiencia-em-materia-de-combate-ao-terrorismo-e-processo-de-paz-na-cimeira-de-malabo","status":"publish","type":"post","link":"https:\/\/rna.ao\/rna.ao\/2022\/04\/07\/angola-vai-transmitir-experiencia-em-materia-de-combate-ao-terrorismo-e-processo-de-paz-na-cimeira-de-malabo\/","title":{"rendered":"Angola vai transmitir experi\u00eancia em mat\u00e9ria de combate ao terrorismo e processo de paz na cimeira de Malabo"},"content":{"rendered":"<p><img loading=\"lazy\" class=\"size-medium wp-image-57749 aligncenter\" src=\"https:\/\/rna.ao\/rna.ao\/wp-content\/uploads\/2022\/04\/37933211-770x433.jpg\" alt=\"\" width=\"770\" height=\"433\" srcset=\"https:\/\/rna.ao\/rna.ao\/wp-content\/uploads\/2022\/04\/37933211-770x433.jpg 770w, https:\/\/rna.ao\/rna.ao\/wp-content\/uploads\/2022\/04\/37933211-1170x658.jpg 1170w, https:\/\/rna.ao\/rna.ao\/wp-content\/uploads\/2022\/04\/37933211-768x432.jpg 768w, https:\/\/rna.ao\/rna.ao\/wp-content\/uploads\/2022\/04\/37933211-1536x864.jpg 1536w, https:\/\/rna.ao\/rna.ao\/wp-content\/uploads\/2022\/04\/37933211.jpg 1920w\" sizes=\"(max-width: 770px) 100vw, 770px\" \/>Os preparativos da cimeira de Malabo com o foco no combate ao terrorismo, levou o Comiss\u00e1rio para os Assuntos Pol\u00edticos, Paz e Seguran\u00e7a da Uni\u00e3o Africana, nesta quarta-feira, 6 de Abril, ao Pal\u00e1cio Presidencial. A cimeira, \u00e9 uma iniciativa do Presidente da Rep\u00fablica, Jo\u00e3o Louren\u00e7o, que ter\u00e1 lugar na cidade de Malabo, na Rep\u00fablica da Guin\u00e9-Equatorial. Bankole Adeyoe, acredita que a experiencia de Angola em rela\u00e7\u00e3o ao processo de paz vai ser decisiva para o processo da cimeira. Clique no \u00e1udio abaixo e ou\u00e7a mais dados na reportagem da Sany Fuche:<\/p>\n\t<div class=\"qtmplayer-playlist-large\">\n\t\t<ul class=\"qtmplayer-playlist\">\n\t\t\t\n\t\t\t\t\t<li class=\"qtmplayer-trackitem\">\n\t\t<img src=\"https:\/\/rna.ao\/rna.ao\/wp-content\/uploads\/2022\/04\/naom_61f151009c844_57033709062484ad94318b_109883727562493abc4a33b-100x100.jpg\" alt=\"cover\">\t\t<span \t\t\tdata-qtmplayer-cover=\"https:\/\/rna.ao\/rna.ao\/wp-content\/uploads\/2022\/04\/naom_61f151009c844_57033709062484ad94318b_109883727562493abc4a33b.jpg\"\n\t\t\t\t\t\tdata-qtmplayer-file=\"https:\/\/rna.ao\/rna.ao\/wp-content\/uploads\/2022\/04\/SANY-FUCHE-07HRS.mp3\"\n\t\t\t\t\t\tdata-qtmplayer-title=\"Angola vai transmitir experi\u00eancia em mat\u00e9ria de combate ao terrorismo e processo de paz na cimeira de Malabo\"\n\t\t\t\t\t\tdata-qtmplayer-artist=\"RNA\"\n\t\t\t\t\t\tdata-qtmplayer-link=\"https:\/\/rna.ao\/rna.ao\/2022\/04\/07\/angola-vai-transmitir-experiencia-em-materia-de-combate-ao-terrorismo-e-processo-de-paz-na-cimeira-de-malabo\/\"\n\t\t\t\t\t\tdata-qtmplayer-icon=\"file_download\"\n\t\t\t\t\t\tdata-qtmplayer-type=\"track\"\n\t\t\t class=\"qtmplayer-play qtmplayer-link-sec qtmplayer-play-btn\"><i class='material-icons'>play_arrow<\/i><\/span>\n\t\t<p>\n\t\t\t<span class=\"qtmplayer-tit\">Angola vai transmitir experi\u00eancia em mat\u00e9ria de combate ao terrorismo e processo de paz na cimeira de Malabo<\/span>\n\t\t\t<span class=\"qtmplayer-art\">RNA<\/span>\n\t\t<\/p>\n\t<\/li>\n\t\t<\/ul>\n\t<\/div>\t\t\t\n\t\n","protected":false},"excerpt":{"rendered":"<p>Os preparativos da cimeira de Malabo com o foco no combate ao terrorismo, levou o Comiss\u00e1rio para os Assuntos Pol\u00edticos, Paz e Seguran\u00e7a da Uni\u00e3o Africana, nesta quarta-feira, 6 de Abril, ao Pal\u00e1cio Presidencial. A cimeira, \u00e9 uma iniciativa do Presidente da Rep\u00fablica, Jo\u00e3o Louren\u00e7o, que ter\u00e1 lugar na cidade ...<\/p>\n","protected":false},"author":8,"featured_media":57748,"comment_status":"closed","ping_status":"closed","sticky":false,"template":"","format":"standard","meta":[],"categories":[142,121,163],"tags":[],"_links":{"self":[{"href":"https:\/\/rna.ao\/rna.ao\/wp-json\/wp\/v2\/posts\/57746"}],"collection":[{"href":"https:\/\/rna.ao\/rna.ao\/wp-json\/wp\/v2\/posts"}],"about":[{"href":"https:\/\/rna.ao\/rna.ao\/wp-json\/wp\/v2\/types\/post"}],"author":[{"embeddable":true,"href":"https:\/\/rna.ao\/rna.ao\/wp-json\/wp\/v2\/users\/8"}],"replies":[{"embeddable":true,"href":"https:\/\/rna.ao\/rna.ao\/wp-json\/wp\/v2\/comments?post=57746"}],"version-history":[{"count":1,"href":"https:\/\/rna.ao\/rna.ao\/wp-json\/wp\/v2\/posts\/57746\/revisions"}],"predecessor-version":[{"id":57750,"href":"https:\/\/rna.ao\/rna.ao\/wp-json\/wp\/v2\/posts\/57746\/revisions\/57750"}],"wp:featuredmedia":[{"embeddable":true,"href":"https:\/\/rna.ao\/rna.ao\/wp-json\/wp\/v2\/media\/57748"}],"wp:attachment":[{"href":"https:\/\/rna.ao\/rna.ao\/wp-json\/wp\/v2\/media?parent=57746"}],"wp:term":[{"taxonomy":"category","embeddable":true,"href":"https:\/\/rna.ao\/rna.ao\/wp-json\/wp\/v2\/categories?post=57746"},{"taxonomy":"post_tag","embeddable":true,"href":"https:\/\/rna.ao\/rna.ao\/wp-json\/wp\/v2\/tags?post=57746"}],"curies":[{"name":"wp","href":"https:\/\/api.w.org\/{rel}","templated":true}]}}