{"id":57741,"date":"2022-04-07T07:55:25","date_gmt":"2022-04-07T06:55:25","guid":{"rendered":"https:\/\/rna.ao\/rna.ao\/?p=57741"},"modified":"2022-04-07T07:55:25","modified_gmt":"2022-04-07T06:55:25","slug":"medicos-ausentes-no-local-de-trabalho-sem-justificar-ficarao-sem-salario-a-partir-de-hoje","status":"publish","type":"post","link":"https:\/\/rna.ao\/rna.ao\/2022\/04\/07\/medicos-ausentes-no-local-de-trabalho-sem-justificar-ficarao-sem-salario-a-partir-de-hoje\/","title":{"rendered":"M\u00e9dicos ausentes no local de trabalho sem justificar ficar\u00e3o sem sal\u00e1rio a partir de hoje"},"content":{"rendered":"<p><img loading=\"lazy\" class=\"size-medium wp-image-57744 aligncenter\" src=\"https:\/\/rna.ao\/rna.ao\/wp-content\/uploads\/2022\/04\/cc3f5d2a9a43d220b76aed9b1d844558_XL-770x513.jpg\" alt=\"\" width=\"770\" height=\"513\" srcset=\"https:\/\/rna.ao\/rna.ao\/wp-content\/uploads\/2022\/04\/cc3f5d2a9a43d220b76aed9b1d844558_XL-770x513.jpg 770w, https:\/\/rna.ao\/rna.ao\/wp-content\/uploads\/2022\/04\/cc3f5d2a9a43d220b76aed9b1d844558_XL-768x512.jpg 768w, https:\/\/rna.ao\/rna.ao\/wp-content\/uploads\/2022\/04\/cc3f5d2a9a43d220b76aed9b1d844558_XL.jpg 960w\" sizes=\"(max-width: 770px) 100vw, 770px\" \/>Na Prov\u00edncia da Lunda Sul, os m\u00e9dicos que a partir de hoje, 7 de Abril, se ausentarem dos seus postos de trabalho sem raz\u00e3o plaus\u00edveis n\u00e3o ter\u00e3o direito ao salario.\u00a0Clique no \u00e1udio abaixo e ou\u00e7a mais dados na reportagem do Hort\u00eansio Michel:<\/p>\n\t<div class=\"qtmplayer-playlist-large\">\n\t\t<ul class=\"qtmplayer-playlist\">\n\t\t\t\n\t\t\t\t\t<li class=\"qtmplayer-trackitem\">\n\t\t<img src=\"https:\/\/rna.ao\/rna.ao\/wp-content\/uploads\/2022\/04\/WhatsApp-Image-2021-12-14-at-15.30.38-100x100.jpg\" alt=\"cover\">\t\t<span \t\t\tdata-qtmplayer-cover=\"https:\/\/rna.ao\/rna.ao\/wp-content\/uploads\/2022\/04\/WhatsApp-Image-2021-12-14-at-15.30.38-370x370.jpg\"\n\t\t\t\t\t\tdata-qtmplayer-file=\"https:\/\/rna.ao\/rna.ao\/wp-content\/uploads\/2022\/04\/LUNDA-SUL-MEDICOS-07HRS.mp3\"\n\t\t\t\t\t\tdata-qtmplayer-title=\"M\u00e9dicos ausentes no local de trabalho sem justificar ficar\u00e3o sem sal\u00e1rio a partir de hoje\"\n\t\t\t\t\t\tdata-qtmplayer-artist=\"RNA\"\n\t\t\t\t\t\tdata-qtmplayer-link=\"https:\/\/rna.ao\/rna.ao\/2022\/04\/07\/medicos-ausentes-no-local-de-trabalho-sem-justificar-ficarao-sem-salario-a-partir-de-hoje\/\"\n\t\t\t\t\t\tdata-qtmplayer-icon=\"file_download\"\n\t\t\t\t\t\tdata-qtmplayer-type=\"track\"\n\t\t\t class=\"qtmplayer-play qtmplayer-link-sec qtmplayer-play-btn\"><i class='material-icons'>play_arrow<\/i><\/span>\n\t\t<p>\n\t\t\t<span class=\"qtmplayer-tit\">M\u00e9dicos ausentes no local de trabalho sem justificar ficar\u00e3o sem sal\u00e1rio a partir de hoje<\/span>\n\t\t\t<span class=\"qtmplayer-art\">RNA<\/span>\n\t\t<\/p>\n\t<\/li>\n\t\t<\/ul>\n\t<\/div>\t\t\t\n\t\n","protected":false},"excerpt":{"rendered":"<p>Na Prov\u00edncia da Lunda Sul, os m\u00e9dicos que a partir de hoje, 7 de Abril, se ausentarem dos seus postos de trabalho sem raz\u00e3o plaus\u00edveis n\u00e3o ter\u00e3o direito ao salario.\u00a0Clique no \u00e1udio abaixo e ou\u00e7a mais dados na reportagem do Hort\u00eansio Michel:<\/p>\n","protected":false},"author":8,"featured_media":57743,"comment_status":"closed","ping_status":"closed","sticky":false,"template":"","format":"standard","meta":[],"categories":[142,121,163],"tags":[],"_links":{"self":[{"href":"https:\/\/rna.ao\/rna.ao\/wp-json\/wp\/v2\/posts\/57741"}],"collection":[{"href":"https:\/\/rna.ao\/rna.ao\/wp-json\/wp\/v2\/posts"}],"about":[{"href":"https:\/\/rna.ao\/rna.ao\/wp-json\/wp\/v2\/types\/post"}],"author":[{"embeddable":true,"href":"https:\/\/rna.ao\/rna.ao\/wp-json\/wp\/v2\/users\/8"}],"replies":[{"embeddable":true,"href":"https:\/\/rna.ao\/rna.ao\/wp-json\/wp\/v2\/comments?post=57741"}],"version-history":[{"count":1,"href":"https:\/\/rna.ao\/rna.ao\/wp-json\/wp\/v2\/posts\/57741\/revisions"}],"predecessor-version":[{"id":57745,"href":"https:\/\/rna.ao\/rna.ao\/wp-json\/wp\/v2\/posts\/57741\/revisions\/57745"}],"wp:featuredmedia":[{"embeddable":true,"href":"https:\/\/rna.ao\/rna.ao\/wp-json\/wp\/v2\/media\/57743"}],"wp:attachment":[{"href":"https:\/\/rna.ao\/rna.ao\/wp-json\/wp\/v2\/media?parent=57741"}],"wp:term":[{"taxonomy":"category","embeddable":true,"href":"https:\/\/rna.ao\/rna.ao\/wp-json\/wp\/v2\/categories?post=57741"},{"taxonomy":"post_tag","embeddable":true,"href":"https:\/\/rna.ao\/rna.ao\/wp-json\/wp\/v2\/tags?post=57741"}],"curies":[{"name":"wp","href":"https:\/\/api.w.org\/{rel}","templated":true}]}}