{"id":57735,"date":"2022-04-07T07:43:32","date_gmt":"2022-04-07T06:43:32","guid":{"rendered":"https:\/\/rna.ao\/rna.ao\/?p=57735"},"modified":"2022-04-07T07:43:32","modified_gmt":"2022-04-07T06:43:32","slug":"zaire-ministerio-da-justica-realiza-workshop-sobre-prevencao-e-combate-ao-trafico-de-seres-humanos","status":"publish","type":"post","link":"https:\/\/rna.ao\/rna.ao\/2022\/04\/07\/zaire-ministerio-da-justica-realiza-workshop-sobre-prevencao-e-combate-ao-trafico-de-seres-humanos\/","title":{"rendered":"Zaire: Minist\u00e9rio da Justi\u00e7a realiza workshop sobre preven\u00e7\u00e3o e combate ao tr\u00e1fico de seres humanos"},"content":{"rendered":"<p><img loading=\"lazy\" class=\"size-full wp-image-57739 alignleft\" src=\"https:\/\/rna.ao\/rna.ao\/wp-content\/uploads\/2022\/04\/img_298x1682017_11_17_16_52_00_685341.jpg\" alt=\"\" width=\"298\" height=\"168\" \/>O Minist\u00e9rio da Justi\u00e7a e dos Direitos Humanos, est\u00e1 a orientar na cidade de Mbanza Congo, um Workshop sobre a preven\u00e7\u00e3o e combate ao tr\u00e1fico de seres humanos. O semin\u00e1rio com dura\u00e7\u00e3o de tr\u00eas dias, tem como objectivo a execu\u00e7\u00e3o do plano de ac\u00e7\u00e3o nacional de combate ao tr\u00e1fico de seres humanos e capacitar as prov\u00edncias do pa\u00eds sobre o processo.\u00a0Clique no \u00e1udio abaixo e ou\u00e7a mais dados na reportagem do\u00a0Ngonga Francisco:<\/p>\n\t<div class=\"qtmplayer-playlist-large\">\n\t\t<ul class=\"qtmplayer-playlist\">\n\t\t\t\n\t\t\t\t\t<li class=\"qtmplayer-trackitem\">\n\t\t<img src=\"https:\/\/rna.ao\/rna.ao\/wp-content\/uploads\/2022\/04\/Trafico-de-Seres-Humanos--100x100.jpg\" alt=\"cover\">\t\t<span \t\t\tdata-qtmplayer-cover=\"https:\/\/rna.ao\/rna.ao\/wp-content\/uploads\/2022\/04\/Trafico-de-Seres-Humanos--370x370.jpg\"\n\t\t\t\t\t\tdata-qtmplayer-file=\"https:\/\/rna.ao\/rna.ao\/wp-content\/uploads\/2022\/04\/ZAIRE-TRAFICO-DE-SERES-HUMANOS-06-HRS-mp3.mp3\"\n\t\t\t\t\t\tdata-qtmplayer-title=\"Zaire: Minist\u00e9rio da Justi\u00e7a realiza workshop sobre preven\u00e7\u00e3o e combate ao tr\u00e1fico de seres humanos\"\n\t\t\t\t\t\tdata-qtmplayer-artist=\"RNA\"\n\t\t\t\t\t\tdata-qtmplayer-link=\"https:\/\/rna.ao\/rna.ao\/2022\/04\/07\/zaire-ministerio-da-justica-realiza-workshop-sobre-prevencao-e-combate-ao-trafico-de-seres-humanos\/\"\n\t\t\t\t\t\tdata-qtmplayer-icon=\"file_download\"\n\t\t\t\t\t\tdata-qtmplayer-type=\"track\"\n\t\t\t class=\"qtmplayer-play qtmplayer-link-sec qtmplayer-play-btn\"><i class='material-icons'>play_arrow<\/i><\/span>\n\t\t<p>\n\t\t\t<span class=\"qtmplayer-tit\">Zaire: Minist\u00e9rio da Justi\u00e7a realiza workshop sobre preven\u00e7\u00e3o e combate ao tr\u00e1fico de seres humanos<\/span>\n\t\t\t<span class=\"qtmplayer-art\">RNA<\/span>\n\t\t<\/p>\n\t<\/li>\n\t\t<\/ul>\n\t<\/div>\t\t\t\n\t\n","protected":false},"excerpt":{"rendered":"<p>O Minist\u00e9rio da Justi\u00e7a e dos Direitos Humanos, est\u00e1 a orientar na cidade de Mbanza Congo, um Workshop sobre a preven\u00e7\u00e3o e combate ao tr\u00e1fico de seres humanos. O semin\u00e1rio com dura\u00e7\u00e3o de tr\u00eas dias, tem como objectivo a execu\u00e7\u00e3o do plano de ac\u00e7\u00e3o nacional de combate ao tr\u00e1fico de ...<\/p>\n","protected":false},"author":8,"featured_media":57738,"comment_status":"closed","ping_status":"closed","sticky":false,"template":"","format":"standard","meta":[],"categories":[142,121,163],"tags":[],"_links":{"self":[{"href":"https:\/\/rna.ao\/rna.ao\/wp-json\/wp\/v2\/posts\/57735"}],"collection":[{"href":"https:\/\/rna.ao\/rna.ao\/wp-json\/wp\/v2\/posts"}],"about":[{"href":"https:\/\/rna.ao\/rna.ao\/wp-json\/wp\/v2\/types\/post"}],"author":[{"embeddable":true,"href":"https:\/\/rna.ao\/rna.ao\/wp-json\/wp\/v2\/users\/8"}],"replies":[{"embeddable":true,"href":"https:\/\/rna.ao\/rna.ao\/wp-json\/wp\/v2\/comments?post=57735"}],"version-history":[{"count":1,"href":"https:\/\/rna.ao\/rna.ao\/wp-json\/wp\/v2\/posts\/57735\/revisions"}],"predecessor-version":[{"id":57740,"href":"https:\/\/rna.ao\/rna.ao\/wp-json\/wp\/v2\/posts\/57735\/revisions\/57740"}],"wp:featuredmedia":[{"embeddable":true,"href":"https:\/\/rna.ao\/rna.ao\/wp-json\/wp\/v2\/media\/57738"}],"wp:attachment":[{"href":"https:\/\/rna.ao\/rna.ao\/wp-json\/wp\/v2\/media?parent=57735"}],"wp:term":[{"taxonomy":"category","embeddable":true,"href":"https:\/\/rna.ao\/rna.ao\/wp-json\/wp\/v2\/categories?post=57735"},{"taxonomy":"post_tag","embeddable":true,"href":"https:\/\/rna.ao\/rna.ao\/wp-json\/wp\/v2\/tags?post=57735"}],"curies":[{"name":"wp","href":"https:\/\/api.w.org\/{rel}","templated":true}]}}