{"id":57730,"date":"2022-04-07T07:34:34","date_gmt":"2022-04-07T06:34:34","guid":{"rendered":"https:\/\/rna.ao\/rna.ao\/?p=57730"},"modified":"2022-04-07T07:34:34","modified_gmt":"2022-04-07T06:34:34","slug":"angola-sera-submetida-a-avaliacao-em-materia-sobre-financiamento-ao-terrorismo","status":"publish","type":"post","link":"https:\/\/rna.ao\/rna.ao\/2022\/04\/07\/angola-sera-submetida-a-avaliacao-em-materia-sobre-financiamento-ao-terrorismo\/","title":{"rendered":"Angola ser\u00e1 submetida a avalia\u00e7\u00e3o em mat\u00e9ria sobre financiamento ao terrorismo"},"content":{"rendered":"<p><img loading=\"lazy\" class=\"size-full wp-image-57733 aligncenter\" src=\"https:\/\/rna.ao\/rna.ao\/wp-content\/uploads\/2022\/04\/455CA328-A00F-4A58-8AFC-F5167F05EF5D.jpg\" alt=\"\" width=\"768\" height=\"473\" \/>Angola vai ser submetida \u00e0 avalia\u00e7\u00e3o mutua em mat\u00e9ria sobre financiamento ao terrorismo e branqueamento de capitais, por uma institui\u00e7\u00e3o internacional.\u00a0 O Ministro de Estado para Coordena\u00e7\u00e3o Econ\u00f3mica, Manuel Nunes J\u00fanior, garante que o pa\u00eds deu avan\u00e7os significativos em mat\u00e9rias sobre a preven\u00e7\u00e3o ao combate e financiamento do terrorismo e branqueamento de capitais. Clique no \u00e1udio abaixo e ou\u00e7a:<\/p>\n\t<div class=\"qtmplayer-playlist-large\">\n\t\t<ul class=\"qtmplayer-playlist\">\n\t\t\t\n\t\t\t\t\t<li class=\"qtmplayer-trackitem\">\n\t\t<img src=\"https:\/\/rna.ao\/rna.ao\/wp-content\/uploads\/2022\/04\/MANUEL-NUNES-JUNIOR-100x100.jpg\" alt=\"cover\">\t\t<span \t\t\tdata-qtmplayer-cover=\"https:\/\/rna.ao\/rna.ao\/wp-content\/uploads\/2022\/04\/MANUEL-NUNES-JUNIOR-370x370.jpg\"\n\t\t\t\t\t\tdata-qtmplayer-file=\"https:\/\/rna.ao\/rna.ao\/wp-content\/uploads\/2022\/04\/MANUEL-NUNES-JUNIOR-06-HRS.mp3\"\n\t\t\t\t\t\tdata-qtmplayer-title=\"Angola ser\u00e1 submetida a avalia\u00e7\u00e3o em mat\u00e9ria sobre financiamento ao terrorismo\"\n\t\t\t\t\t\tdata-qtmplayer-artist=\"RNA\"\n\t\t\t\t\t\tdata-qtmplayer-link=\"https:\/\/rna.ao\/rna.ao\/2022\/04\/07\/angola-sera-submetida-a-avaliacao-em-materia-sobre-financiamento-ao-terrorismo\/\"\n\t\t\t\t\t\tdata-qtmplayer-icon=\"file_download\"\n\t\t\t\t\t\tdata-qtmplayer-type=\"track\"\n\t\t\t class=\"qtmplayer-play qtmplayer-link-sec qtmplayer-play-btn\"><i class='material-icons'>play_arrow<\/i><\/span>\n\t\t<p>\n\t\t\t<span class=\"qtmplayer-tit\">Angola ser\u00e1 submetida a avalia\u00e7\u00e3o em mat\u00e9ria sobre financiamento ao terrorismo<\/span>\n\t\t\t<span class=\"qtmplayer-art\">RNA<\/span>\n\t\t<\/p>\n\t<\/li>\n\t\t<\/ul>\n\t<\/div>\t\t\t\n\t\n","protected":false},"excerpt":{"rendered":"<p>Angola vai ser submetida \u00e0 avalia\u00e7\u00e3o mutua em mat\u00e9ria sobre financiamento ao terrorismo e branqueamento de capitais, por uma institui\u00e7\u00e3o internacional.\u00a0 O Ministro de Estado para Coordena\u00e7\u00e3o Econ\u00f3mica, Manuel Nunes J\u00fanior, garante que o pa\u00eds deu avan\u00e7os significativos em mat\u00e9rias sobre a preven\u00e7\u00e3o ao combate e financiamento do terrorismo e ...<\/p>\n","protected":false},"author":8,"featured_media":57732,"comment_status":"closed","ping_status":"closed","sticky":false,"template":"","format":"standard","meta":[],"categories":[142,121,163],"tags":[],"_links":{"self":[{"href":"https:\/\/rna.ao\/rna.ao\/wp-json\/wp\/v2\/posts\/57730"}],"collection":[{"href":"https:\/\/rna.ao\/rna.ao\/wp-json\/wp\/v2\/posts"}],"about":[{"href":"https:\/\/rna.ao\/rna.ao\/wp-json\/wp\/v2\/types\/post"}],"author":[{"embeddable":true,"href":"https:\/\/rna.ao\/rna.ao\/wp-json\/wp\/v2\/users\/8"}],"replies":[{"embeddable":true,"href":"https:\/\/rna.ao\/rna.ao\/wp-json\/wp\/v2\/comments?post=57730"}],"version-history":[{"count":1,"href":"https:\/\/rna.ao\/rna.ao\/wp-json\/wp\/v2\/posts\/57730\/revisions"}],"predecessor-version":[{"id":57734,"href":"https:\/\/rna.ao\/rna.ao\/wp-json\/wp\/v2\/posts\/57730\/revisions\/57734"}],"wp:featuredmedia":[{"embeddable":true,"href":"https:\/\/rna.ao\/rna.ao\/wp-json\/wp\/v2\/media\/57732"}],"wp:attachment":[{"href":"https:\/\/rna.ao\/rna.ao\/wp-json\/wp\/v2\/media?parent=57730"}],"wp:term":[{"taxonomy":"category","embeddable":true,"href":"https:\/\/rna.ao\/rna.ao\/wp-json\/wp\/v2\/categories?post=57730"},{"taxonomy":"post_tag","embeddable":true,"href":"https:\/\/rna.ao\/rna.ao\/wp-json\/wp\/v2\/tags?post=57730"}],"curies":[{"name":"wp","href":"https:\/\/api.w.org\/{rel}","templated":true}]}}