{"id":56992,"date":"2022-03-29T20:07:46","date_gmt":"2022-03-29T19:07:46","guid":{"rendered":"https:\/\/rna.ao\/rna.ao\/?p=56992"},"modified":"2022-03-29T21:18:43","modified_gmt":"2022-03-29T20:18:43","slug":"pr-joao-lourenco-designa-adalberto-costa-junior-unita-nimi-a-simbi-fnla-e-jorge-valentim-membros-do-conselho-da-republica","status":"publish","type":"post","link":"https:\/\/rna.ao\/rna.ao\/2022\/03\/29\/pr-joao-lourenco-designa-adalberto-costa-junior-unita-nimi-a-simbi-fnla-e-jorge-valentim-membros-do-conselho-da-republica\/","title":{"rendered":"PR Jo\u00e3o Louren\u00e7o designa Adalberto Costa J\u00fanior (UNITA), Nimi a Simbi ( FNLA) e Jorge Valentim membros do Conselho da Rep\u00fablica"},"content":{"rendered":"<p><img loading=\"lazy\" class=\"alignnone size-medium wp-image-56993\" src=\"https:\/\/rna.ao\/rna.ao\/wp-content\/uploads\/2022\/03\/C1160ACC-4DA2-406C-8C9E-F91AE687C75D-770x481.jpeg\" alt=\"\" width=\"770\" height=\"481\" srcset=\"https:\/\/rna.ao\/rna.ao\/wp-content\/uploads\/2022\/03\/C1160ACC-4DA2-406C-8C9E-F91AE687C75D-770x481.jpeg 770w, https:\/\/rna.ao\/rna.ao\/wp-content\/uploads\/2022\/03\/C1160ACC-4DA2-406C-8C9E-F91AE687C75D-768x480.jpeg 768w, https:\/\/rna.ao\/rna.ao\/wp-content\/uploads\/2022\/03\/C1160ACC-4DA2-406C-8C9E-F91AE687C75D.jpeg 960w\" sizes=\"(max-width: 770px) 100vw, 770px\" \/><\/p>\n<p>PR Jo\u00e3o Louren\u00e7o designa Adalberto Costa J\u00fanior (UNITA) e Nimi a Simbi ( FNLA) membros do Conselho da Rep\u00fablica.<\/p>\n<p>O Presidente da UNITA, Adalberto Costa J\u00fanior, e o l\u00edder da FNLA, Nimi a Simbi, s\u00e3o os novos membros do Conselho da Rep\u00fablica.<\/p>\n<p>Num decreto publicado hoje, o Presidente da Rep\u00fablica designa Adalberto Costa J\u00fanior e Nimi a Simbi membros do Conselho da Rep\u00fablica \u201cpor iner\u00eancia de fun\u00e7\u00f5es tendo em contas as altera\u00e7\u00f5es verificadas na presid\u00eancia da UNITA e da FNLA\u201d.<\/p>\n<p>Nos decretos, sublinha-se o facto de a designa\u00e7\u00e3o de ambos surgir em cumprimento \u00e0 Anota\u00e7\u00e3o do Tribunal Constitucional que validou os respectivos congressos.<\/p>\n<p>S\u00e3o dadas por findas as fun\u00e7\u00f5es que ocupavam neste \u00f3rg\u00e3o consultivo do Chefe de Estado Isa\u00edas Samakuva ( UNITA) e Lucas Ngonda ( FNLA).<\/p>\n<p>Noutro decreto, o Presidente Jo\u00e3o Louren\u00e7o designou Jorge Valentim igualmente membro do Conselho da Rep\u00fablica.<\/p>\n","protected":false},"excerpt":{"rendered":"<p>PR Jo\u00e3o Louren\u00e7o designa Adalberto Costa J\u00fanior (UNITA) e Nimi a Simbi ( FNLA) membros do Conselho da Rep\u00fablica. O Presidente da UNITA, Adalberto Costa J\u00fanior, e o l\u00edder da FNLA, Nimi a Simbi, s\u00e3o os novos membros do Conselho da Rep\u00fablica. Num decreto publicado hoje, o Presidente da Rep\u00fablica ...<\/p>\n","protected":false},"author":8,"featured_media":56993,"comment_status":"closed","ping_status":"closed","sticky":false,"template":"","format":"standard","meta":[],"categories":[142,121,164,163],"tags":[],"_links":{"self":[{"href":"https:\/\/rna.ao\/rna.ao\/wp-json\/wp\/v2\/posts\/56992"}],"collection":[{"href":"https:\/\/rna.ao\/rna.ao\/wp-json\/wp\/v2\/posts"}],"about":[{"href":"https:\/\/rna.ao\/rna.ao\/wp-json\/wp\/v2\/types\/post"}],"author":[{"embeddable":true,"href":"https:\/\/rna.ao\/rna.ao\/wp-json\/wp\/v2\/users\/8"}],"replies":[{"embeddable":true,"href":"https:\/\/rna.ao\/rna.ao\/wp-json\/wp\/v2\/comments?post=56992"}],"version-history":[{"count":3,"href":"https:\/\/rna.ao\/rna.ao\/wp-json\/wp\/v2\/posts\/56992\/revisions"}],"predecessor-version":[{"id":56997,"href":"https:\/\/rna.ao\/rna.ao\/wp-json\/wp\/v2\/posts\/56992\/revisions\/56997"}],"wp:featuredmedia":[{"embeddable":true,"href":"https:\/\/rna.ao\/rna.ao\/wp-json\/wp\/v2\/media\/56993"}],"wp:attachment":[{"href":"https:\/\/rna.ao\/rna.ao\/wp-json\/wp\/v2\/media?parent=56992"}],"wp:term":[{"taxonomy":"category","embeddable":true,"href":"https:\/\/rna.ao\/rna.ao\/wp-json\/wp\/v2\/categories?post=56992"},{"taxonomy":"post_tag","embeddable":true,"href":"https:\/\/rna.ao\/rna.ao\/wp-json\/wp\/v2\/tags?post=56992"}],"curies":[{"name":"wp","href":"https:\/\/api.w.org\/{rel}","templated":true}]}}