{"id":55132,"date":"2022-03-12T20:00:18","date_gmt":"2022-03-12T19:00:18","guid":{"rendered":"https:\/\/rna.ao\/rna.ao\/?p=55132"},"modified":"2022-03-12T21:36:14","modified_gmt":"2022-03-12T20:36:14","slug":"presidente-joao-lourenco-efetuar-visita-de-estado-as-cabo-verde","status":"publish","type":"post","link":"https:\/\/rna.ao\/rna.ao\/2022\/03\/12\/presidente-joao-lourenco-efetuar-visita-de-estado-as-cabo-verde\/","title":{"rendered":"Presidente Jo\u00e3o Louren\u00e7o efetua visita de Estado \u00e0 Cabo Verde"},"content":{"rendered":"<p><img loading=\"lazy\" class=\"size-full wp-image-43613 alignleft\" src=\"https:\/\/rna.ao\/rna.ao\/wp-content\/uploads\/2021\/11\/Joao-Lourenco-PR.jpg\" alt=\"\" width=\"277\" height=\"182\" \/>O Presidente da Rep\u00fablica, Jo\u00e3o Louren\u00e7o, deloca-se este domingo, 13 de Mar\u00e7o, \u00e0 Rep\u00fablica de Cabo Verde, para cumprir uma visita oficial, \u00e0quele pa\u00eds irm\u00e3o.<\/p>\n<p>A visita de Estado do Presidente Jo\u00e3o Louren\u00e7o, \u00e0quele pa\u00eds insular, \u00e9 uma retribui\u00e7\u00e3o \u00e0 visita que o seu hom\u00f3logo caboverdiano efectuou ao nosso pa\u00eds, na primeira quinzena do m\u00eas de Janeiro \u00faltimo.<\/p>\n<p>Na Cidade da Praia, o Chefe de Estado, em companhia da Primeira-Dama e uma delega\u00e7\u00e3o de Ministros e funcion\u00e1rios do seu gabinete, cumpre um vasto programa de visita que come\u00e7a na segunda-feira, 14 de Mar\u00e7o.<\/p>\n<p>A visita, que vai durar at\u00e9 quarta-feira, 16 de Mar\u00e7o, obedecer\u00e1 a um programa muito preenchido, com v\u00e1rios eventos protocolares nas cidades da Praia e Mindele.<\/p>\n<p>Encontro entre os dois Chefes de Estado, na capital caboverdiana, e uma interven\u00e7\u00e3o do Presidente Jo\u00e3o Louren\u00e7o, na sess\u00e3o Parlamentar especial, \u00e0 convite do Presidente da Assembleia Nacional de Cabo Verde, Aurelino Correia, s\u00e3o destaques da agenda desta visita.<\/p>\n<p>O Chefe de Estado angolano vai, tamb\u00e9m, manter um encontro com o Primeiro-ministro caboverdiano Jos\u00e9 Ulisses Correia e Silva, com quem vai testemunhar a assinatura de acordos bilaterais de coopera\u00e7\u00e3o, entre os dois pa\u00edses.<\/p>\n<p>Jo\u00e3o Louren\u00e7o vai ainda fazer a recep\u00e7\u00e3o simb\u00f3lica das Chaves da Cidade Capital, depositar uma coroa de flores ao Memorial Am\u00edlcar Cabral, e uma visita \u00e0 sede da Funda\u00e7\u00e3o Am\u00edlcar Cabral.<\/p>\n","protected":false},"excerpt":{"rendered":"<p>O Presidente da Rep\u00fablica, Jo\u00e3o Louren\u00e7o, deloca-se este domingo, 13 de Mar\u00e7o, \u00e0 Rep\u00fablica de Cabo Verde, para cumprir uma visita oficial, \u00e0quele pa\u00eds irm\u00e3o. A visita de Estado do Presidente Jo\u00e3o Louren\u00e7o, \u00e0quele pa\u00eds insular, \u00e9 uma retribui\u00e7\u00e3o \u00e0 visita que o seu hom\u00f3logo caboverdiano efectuou ao nosso pa\u00eds, ...<\/p>\n","protected":false},"author":8,"featured_media":43613,"comment_status":"closed","ping_status":"closed","sticky":false,"template":"","format":"standard","meta":[],"categories":[142,121,163],"tags":[],"_links":{"self":[{"href":"https:\/\/rna.ao\/rna.ao\/wp-json\/wp\/v2\/posts\/55132"}],"collection":[{"href":"https:\/\/rna.ao\/rna.ao\/wp-json\/wp\/v2\/posts"}],"about":[{"href":"https:\/\/rna.ao\/rna.ao\/wp-json\/wp\/v2\/types\/post"}],"author":[{"embeddable":true,"href":"https:\/\/rna.ao\/rna.ao\/wp-json\/wp\/v2\/users\/8"}],"replies":[{"embeddable":true,"href":"https:\/\/rna.ao\/rna.ao\/wp-json\/wp\/v2\/comments?post=55132"}],"version-history":[{"count":18,"href":"https:\/\/rna.ao\/rna.ao\/wp-json\/wp\/v2\/posts\/55132\/revisions"}],"predecessor-version":[{"id":55153,"href":"https:\/\/rna.ao\/rna.ao\/wp-json\/wp\/v2\/posts\/55132\/revisions\/55153"}],"wp:featuredmedia":[{"embeddable":true,"href":"https:\/\/rna.ao\/rna.ao\/wp-json\/wp\/v2\/media\/43613"}],"wp:attachment":[{"href":"https:\/\/rna.ao\/rna.ao\/wp-json\/wp\/v2\/media?parent=55132"}],"wp:term":[{"taxonomy":"category","embeddable":true,"href":"https:\/\/rna.ao\/rna.ao\/wp-json\/wp\/v2\/categories?post=55132"},{"taxonomy":"post_tag","embeddable":true,"href":"https:\/\/rna.ao\/rna.ao\/wp-json\/wp\/v2\/tags?post=55132"}],"curies":[{"name":"wp","href":"https:\/\/api.w.org\/{rel}","templated":true}]}}