{"id":55128,"date":"2022-03-12T13:04:55","date_gmt":"2022-03-12T12:04:55","guid":{"rendered":"https:\/\/rna.ao\/rna.ao\/?p=55128"},"modified":"2022-03-12T13:16:12","modified_gmt":"2022-03-12T12:16:12","slug":"eleicoes-em-timor-leste-embaixador-angolano-jose-alves-primo-chefia-missao-de-observacao-da-cplp","status":"publish","type":"post","link":"https:\/\/rna.ao\/rna.ao\/2022\/03\/12\/eleicoes-em-timor-leste-embaixador-angolano-jose-alves-primo-chefia-missao-de-observacao-da-cplp\/","title":{"rendered":"Elei\u00e7\u00f5es em Timor Leste: Embaixador angolano Jos\u00e9 Alves Primo chefia miss\u00e3o de observa\u00e7\u00e3o da CPLP"},"content":{"rendered":"<p><img loading=\"lazy\" class=\"size-full wp-image-55129 alignleft\" src=\"https:\/\/rna.ao\/rna.ao\/wp-content\/uploads\/2022\/03\/1569489024_hotelaria.gif\" alt=\"\" width=\"465\" height=\"345\" \/>A Comunidade dos Pa\u00edses de L\u00edngua Portuguesa (CPLP) vai enviar uma Miss\u00e3o de Observa\u00e7\u00e3o Eleitoral \u00e0s elei\u00e7\u00f5es presidenciais em Timor-Leste, marcadas para 19 de mar\u00e7o, que ser\u00e1 chefiada pelo Embaixador angolano, Jos\u00e9 Guerreiro Alves Primo.<\/p>\n<p>A miss\u00e3o, composta por 13 observadores, est\u00e1 no terreno desde o dia 11, onde parmace at\u00e9 dia 27 de Mar\u00e7o.<\/p>\n<p>A MOE-CPLP \u00e9 chefiada pelo Embaixador Jos\u00e9 Guerreiro Alves Primo, e \u00e9 constitu\u00edda, \u00e0 data, por 13 observadores, designados pelos Estados-Membros, pela Assembleia Parlamentar e funcion\u00e1rios do Secretariado-Executivo da CPLP.<\/p>\n<p>Os observadores da CPLP v\u00e3o testemunhar a fase final da campanha eleitoral, o dia do pleito, a contagem dos votos e o apuramento parcial dos resultados, prevendo-se a perman\u00eancia na capital, D\u00edli, e o desdobramento em equipas enviadas para outros distritos.<\/p>\n<p>As autoridades timorenses come\u00e7aram hoje, 12 de Mar\u00e7o, a distribuir os 20 mil livros com quase 980 mil boletins de voto, que ser\u00e3o usados no dia 19 de Mar\u00e7o, para os eleitores timorenses escolherem o seu pr\u00f3ximo Presidente da Rep\u00fablica.<\/p>\n<p>Saiba que, nove pa\u00edses s\u00e3o Estados-membros da CPLP: Angola, Brasil, Cabo Verde, Guin\u00e9-Bissau, Guin\u00e9 Equatorial, Mo\u00e7ambique, Portugal, S\u00e3o Tom\u00e9 e Pr\u00edncipe e Timor-Leste.<\/p>\n","protected":false},"excerpt":{"rendered":"<p>A Comunidade dos Pa\u00edses de L\u00edngua Portuguesa (CPLP) vai enviar uma Miss\u00e3o de Observa\u00e7\u00e3o Eleitoral \u00e0s elei\u00e7\u00f5es presidenciais em Timor-Leste, marcadas para 19 de mar\u00e7o, que ser\u00e1 chefiada pelo Embaixador angolano, Jos\u00e9 Guerreiro Alves Primo. A miss\u00e3o, composta por 13 observadores, est\u00e1 no terreno desde o dia 11, onde parmace ...<\/p>\n","protected":false},"author":8,"featured_media":55129,"comment_status":"closed","ping_status":"closed","sticky":false,"template":"","format":"standard","meta":[],"categories":[142,121,163],"tags":[],"_links":{"self":[{"href":"https:\/\/rna.ao\/rna.ao\/wp-json\/wp\/v2\/posts\/55128"}],"collection":[{"href":"https:\/\/rna.ao\/rna.ao\/wp-json\/wp\/v2\/posts"}],"about":[{"href":"https:\/\/rna.ao\/rna.ao\/wp-json\/wp\/v2\/types\/post"}],"author":[{"embeddable":true,"href":"https:\/\/rna.ao\/rna.ao\/wp-json\/wp\/v2\/users\/8"}],"replies":[{"embeddable":true,"href":"https:\/\/rna.ao\/rna.ao\/wp-json\/wp\/v2\/comments?post=55128"}],"version-history":[{"count":2,"href":"https:\/\/rna.ao\/rna.ao\/wp-json\/wp\/v2\/posts\/55128\/revisions"}],"predecessor-version":[{"id":55131,"href":"https:\/\/rna.ao\/rna.ao\/wp-json\/wp\/v2\/posts\/55128\/revisions\/55131"}],"wp:featuredmedia":[{"embeddable":true,"href":"https:\/\/rna.ao\/rna.ao\/wp-json\/wp\/v2\/media\/55129"}],"wp:attachment":[{"href":"https:\/\/rna.ao\/rna.ao\/wp-json\/wp\/v2\/media?parent=55128"}],"wp:term":[{"taxonomy":"category","embeddable":true,"href":"https:\/\/rna.ao\/rna.ao\/wp-json\/wp\/v2\/categories?post=55128"},{"taxonomy":"post_tag","embeddable":true,"href":"https:\/\/rna.ao\/rna.ao\/wp-json\/wp\/v2\/tags?post=55128"}],"curies":[{"name":"wp","href":"https:\/\/api.w.org\/{rel}","templated":true}]}}