{"id":55116,"date":"2022-03-12T11:34:35","date_gmt":"2022-03-12T10:34:35","guid":{"rendered":"https:\/\/rna.ao\/rna.ao\/?p=55116"},"modified":"2022-03-12T11:40:12","modified_gmt":"2022-03-12T10:40:12","slug":"55116","status":"publish","type":"post","link":"https:\/\/rna.ao\/rna.ao\/2022\/03\/12\/55116\/","title":{"rendered":"Tete Ant\u00f3nio e Jiro Maruhashi abordam quest\u00f5es ligadas \u00e0 Reuni\u00e3o Ministerial da TICAD-8, a realizar-se em Agosto na capital da Tun\u00edsia"},"content":{"rendered":"<p><img loading=\"lazy\" class=\"size-medium wp-image-55117 aligncenter\" src=\"https:\/\/rna.ao\/rna.ao\/wp-content\/uploads\/2022\/03\/IMG-20220311-WA0230-712x770.jpg\" alt=\"\" width=\"712\" height=\"770\" srcset=\"https:\/\/rna.ao\/rna.ao\/wp-content\/uploads\/2022\/03\/IMG-20220311-WA0230-712x770.jpg 712w, https:\/\/rna.ao\/rna.ao\/wp-content\/uploads\/2022\/03\/IMG-20220311-WA0230-1081x1170.jpg 1081w, https:\/\/rna.ao\/rna.ao\/wp-content\/uploads\/2022\/03\/IMG-20220311-WA0230-768x831.jpg 768w, https:\/\/rna.ao\/rna.ao\/wp-content\/uploads\/2022\/03\/IMG-20220311-WA0230.jpg 1183w\" sizes=\"(max-width: 712px) 100vw, 712px\" \/>O Ministro das Rela\u00e7\u00f5es Exteriores, Tete Ant\u00f3nio, recebeu nesta sexta-feira, dia 11 de Mar\u00e7o, o Chefe de Miss\u00e3o Diplom\u00e1tica do Jap\u00e3o, em Angola, Jiro Maruhashi, com quem abordou informa\u00e7\u00f5es atinentes da Reuni\u00e3o Ministerial da TICAD-8, a realizar-se de 27 a 28 de Agosto pr\u00f3ximo em T\u00fanis, capital da Tun\u00edsia.<\/p>\n<p>No dia 16 de Julho de 2020, o Governo do Jap\u00e3o anunciou que a Rep\u00fablica da Tun\u00edsia iria albergar a 8\u00aa Confer\u00eancia Internacional de T\u00f3quio, sobre o Desenvolvimento Africano (TICAD), a ser realizada este ano (2022).<\/p>\n<p>O Governo da Rep\u00fablica da Tun\u00edsia e os co-organizadores da TICAD, UNOSAA, PNUD, Comiss\u00e3o da Uni\u00e3o Africana (CUA), Banco Mundial e o Governo do Jap\u00e3o expressam o seu forte compromisso com o processo TICAD, para a constru\u00e7\u00e3o de um futuro pr\u00f3spero e pac\u00edfico para o continente africano.<\/p>\n<p>Esta ser\u00e1 a segunda reuni\u00e3o de Alto N\u00edvel de C\u00fapula da TICAD, a ser realizada em \u00c1frica, desde que o Qu\u00e9nia sediou a TICAD-6 em Nair\u00f3bi, em Agosto de 2016.<\/p>\n<p>\u00c1frica \u00e9 o continente com potenciais ilimitados de desenvolvimento econ\u00f3mico, social e humano, passando por uma transforma\u00e7\u00e3o significativa em conson\u00e2ncia com a Agenda 2063 da Uni\u00e3o Africana e a Agenda 2030 das Na\u00e7\u00f5es Unidas.<\/p>\n<p>Ao mesmo tempo, \u00c1frica, como todos os outros continentes do globo, enfrenta actualmente uma grave crise de seguran\u00e7a humana devido ao COVID-19 que amea\u00e7a todo o espectro da vida das pessoas, sua sobreviv\u00eancia, sustento e dignidade.<\/p>\n<p>De notar que, com a sua hist\u00f3ria de mais de um quarto de s\u00e9culo, a TICAD est\u00e1 a ganhar ainda mais import\u00e2ncia como uma confer\u00eancia multilateral inclusiva para abordar quest\u00f5es de desenvolvimento em \u00c1frica, inclusive na \u00e1rea de sa\u00fade e desenvolvimento do sector privado.<\/p>\n<p><img loading=\"lazy\" class=\"size-medium wp-image-55118 aligncenter\" src=\"https:\/\/rna.ao\/rna.ao\/wp-content\/uploads\/2022\/03\/IMG-20220311-WA0232-770x513.jpg\" alt=\"\" width=\"770\" height=\"513\" srcset=\"https:\/\/rna.ao\/rna.ao\/wp-content\/uploads\/2022\/03\/IMG-20220311-WA0232-770x513.jpg 770w, https:\/\/rna.ao\/rna.ao\/wp-content\/uploads\/2022\/03\/IMG-20220311-WA0232-1170x780.jpg 1170w, https:\/\/rna.ao\/rna.ao\/wp-content\/uploads\/2022\/03\/IMG-20220311-WA0232-768x512.jpg 768w, https:\/\/rna.ao\/rna.ao\/wp-content\/uploads\/2022\/03\/IMG-20220311-WA0232.jpg 1280w\" sizes=\"(max-width: 770px) 100vw, 770px\" \/><\/p>\n","protected":false},"excerpt":{"rendered":"<p>O Ministro das Rela\u00e7\u00f5es Exteriores, Tete Ant\u00f3nio, recebeu nesta sexta-feira, dia 11 de Mar\u00e7o, o Chefe de Miss\u00e3o Diplom\u00e1tica do Jap\u00e3o, em Angola, Jiro Maruhashi, com quem abordou informa\u00e7\u00f5es atinentes da Reuni\u00e3o Ministerial da TICAD-8, a realizar-se de 27 a 28 de Agosto pr\u00f3ximo em T\u00fanis, capital da Tun\u00edsia. No ...<\/p>\n","protected":false},"author":8,"featured_media":55118,"comment_status":"closed","ping_status":"closed","sticky":false,"template":"","format":"standard","meta":[],"categories":[142,121,163],"tags":[],"_links":{"self":[{"href":"https:\/\/rna.ao\/rna.ao\/wp-json\/wp\/v2\/posts\/55116"}],"collection":[{"href":"https:\/\/rna.ao\/rna.ao\/wp-json\/wp\/v2\/posts"}],"about":[{"href":"https:\/\/rna.ao\/rna.ao\/wp-json\/wp\/v2\/types\/post"}],"author":[{"embeddable":true,"href":"https:\/\/rna.ao\/rna.ao\/wp-json\/wp\/v2\/users\/8"}],"replies":[{"embeddable":true,"href":"https:\/\/rna.ao\/rna.ao\/wp-json\/wp\/v2\/comments?post=55116"}],"version-history":[{"count":4,"href":"https:\/\/rna.ao\/rna.ao\/wp-json\/wp\/v2\/posts\/55116\/revisions"}],"predecessor-version":[{"id":55122,"href":"https:\/\/rna.ao\/rna.ao\/wp-json\/wp\/v2\/posts\/55116\/revisions\/55122"}],"wp:featuredmedia":[{"embeddable":true,"href":"https:\/\/rna.ao\/rna.ao\/wp-json\/wp\/v2\/media\/55118"}],"wp:attachment":[{"href":"https:\/\/rna.ao\/rna.ao\/wp-json\/wp\/v2\/media?parent=55116"}],"wp:term":[{"taxonomy":"category","embeddable":true,"href":"https:\/\/rna.ao\/rna.ao\/wp-json\/wp\/v2\/categories?post=55116"},{"taxonomy":"post_tag","embeddable":true,"href":"https:\/\/rna.ao\/rna.ao\/wp-json\/wp\/v2\/tags?post=55116"}],"curies":[{"name":"wp","href":"https:\/\/api.w.org\/{rel}","templated":true}]}}