{"id":55104,"date":"2022-03-12T00:08:20","date_gmt":"2022-03-11T23:08:20","guid":{"rendered":"https:\/\/rna.ao\/rna.ao\/?p=55104"},"modified":"2022-03-12T11:50:04","modified_gmt":"2022-03-12T10:50:04","slug":"governador-do-cuando-cubango-anuncia-o-arranque-das-obras-da-centralidade-de-menongue-a-construcao-de-estradas-e-de-aerodromos-na-provincia","status":"publish","type":"post","link":"https:\/\/rna.ao\/rna.ao\/2022\/03\/12\/governador-do-cuando-cubango-anuncia-o-arranque-das-obras-da-centralidade-de-menongue-a-construcao-de-estradas-e-de-aerodromos-na-provincia\/","title":{"rendered":"Governador do Cuando-Cubango anuncia o  arranque das obras da Centralidade de Menongue, a constru\u00e7\u00e3o de estradas, e de aer\u00f3dromos na prov\u00edncia"},"content":{"rendered":"<p><img loading=\"lazy\" class=\"alignnone size-full wp-image-55048\" src=\"https:\/\/rna.ao\/rna.ao\/wp-content\/uploads\/2022\/03\/Jose-Martins.jpg\" alt=\"\" width=\"298\" height=\"201\" \/><br \/>\nO Governador do Cuando-Cubango, Jos\u00e9 Martins, anunciou o arranque de empreitadas que, acredita, v\u00e3o consolidar a estrat\u00e9gia da Prov\u00edncia ser a terra do progresso. <u><\/u>\u00a0<u><\/u><\/p>\n<p><u><\/u>Neste capitulo, destaque para o arranque das obras da Centralidade de Menongue, a constru\u00e7\u00e3o de estradas, e de aer\u00f3dromos no Cuando-Cubango. Clique no \u00e1udio abaixo e ou\u00e7a, a reportagem da Linda Salangui:<\/p>\n\t<div class=\"qtmplayer-playlist-large\">\n\t\t<ul class=\"qtmplayer-playlist\">\n\t\t\t\n\t\t\t\t\t<li class=\"qtmplayer-trackitem\">\n\t\t<img src=\"https:\/\/rna.ao\/rna.ao\/wp-content\/uploads\/2022\/03\/Jose-Martins-100x100.jpg\" alt=\"cover\">\t\t<span \t\t\tdata-qtmplayer-cover=\"https:\/\/rna.ao\/rna.ao\/wp-content\/uploads\/2022\/03\/Jose-Martins.jpg\"\n\t\t\t\t\t\tdata-qtmplayer-file=\"https:\/\/rna.ao\/rna.ao\/wp-content\/uploads\/2022\/03\/LINDA-SALANGUI-BOM.mp3\"\n\t\t\t\t\t\tdata-qtmplayer-title=\"Governador do Cuando-Cubango anuncia o  arranque das obras da Centralidade de Menongue, a constru\u00e7\u00e3o de estradas, e de aer\u00f3dromos na prov\u00edncia\"\n\t\t\t\t\t\tdata-qtmplayer-artist=\"RNA\"\n\t\t\t\t\t\tdata-qtmplayer-link=\"https:\/\/rna.ao\/rna.ao\/2022\/03\/12\/governador-do-cuando-cubango-anuncia-o-arranque-das-obras-da-centralidade-de-menongue-a-construcao-de-estradas-e-de-aerodromos-na-provincia\/\"\n\t\t\t\t\t\tdata-qtmplayer-icon=\"file_download\"\n\t\t\t\t\t\tdata-qtmplayer-type=\"track\"\n\t\t\t class=\"qtmplayer-play qtmplayer-link-sec qtmplayer-play-btn\"><i class='material-icons'>play_arrow<\/i><\/span>\n\t\t<p>\n\t\t\t<span class=\"qtmplayer-tit\">Governador do Cuando-Cubango anuncia o  arranque das obras da Centralidade de Menongue, a constru\u00e7\u00e3o de estradas, e de aer\u00f3dromos na prov\u00edncia<\/span>\n\t\t\t<span class=\"qtmplayer-art\">RNA<\/span>\n\t\t<\/p>\n\t<\/li>\n\t\t<\/ul>\n\t<\/div>\t\t\t\n\t\n","protected":false},"excerpt":{"rendered":"<p>O Governador do Cuando-Cubango, Jos\u00e9 Martins, anunciou o arranque de empreitadas que, acredita, v\u00e3o consolidar a estrat\u00e9gia da Prov\u00edncia ser a terra do progresso. \u00a0 Neste capitulo, destaque para o arranque das obras da Centralidade de Menongue, a constru\u00e7\u00e3o de estradas, e de aer\u00f3dromos no Cuando-Cubango. Clique no \u00e1udio abaixo ...<\/p>\n","protected":false},"author":8,"featured_media":55048,"comment_status":"closed","ping_status":"closed","sticky":false,"template":"","format":"standard","meta":[],"categories":[142,121,163],"tags":[],"_links":{"self":[{"href":"https:\/\/rna.ao\/rna.ao\/wp-json\/wp\/v2\/posts\/55104"}],"collection":[{"href":"https:\/\/rna.ao\/rna.ao\/wp-json\/wp\/v2\/posts"}],"about":[{"href":"https:\/\/rna.ao\/rna.ao\/wp-json\/wp\/v2\/types\/post"}],"author":[{"embeddable":true,"href":"https:\/\/rna.ao\/rna.ao\/wp-json\/wp\/v2\/users\/8"}],"replies":[{"embeddable":true,"href":"https:\/\/rna.ao\/rna.ao\/wp-json\/wp\/v2\/comments?post=55104"}],"version-history":[{"count":5,"href":"https:\/\/rna.ao\/rna.ao\/wp-json\/wp\/v2\/posts\/55104\/revisions"}],"predecessor-version":[{"id":55125,"href":"https:\/\/rna.ao\/rna.ao\/wp-json\/wp\/v2\/posts\/55104\/revisions\/55125"}],"wp:featuredmedia":[{"embeddable":true,"href":"https:\/\/rna.ao\/rna.ao\/wp-json\/wp\/v2\/media\/55048"}],"wp:attachment":[{"href":"https:\/\/rna.ao\/rna.ao\/wp-json\/wp\/v2\/media?parent=55104"}],"wp:term":[{"taxonomy":"category","embeddable":true,"href":"https:\/\/rna.ao\/rna.ao\/wp-json\/wp\/v2\/categories?post=55104"},{"taxonomy":"post_tag","embeddable":true,"href":"https:\/\/rna.ao\/rna.ao\/wp-json\/wp\/v2\/tags?post=55104"}],"curies":[{"name":"wp","href":"https:\/\/api.w.org\/{rel}","templated":true}]}}