{"id":55098,"date":"2022-03-12T00:02:06","date_gmt":"2022-03-11T23:02:06","guid":{"rendered":"https:\/\/rna.ao\/rna.ao\/?p=55098"},"modified":"2022-03-12T11:10:44","modified_gmt":"2022-03-12T10:10:44","slug":"registo-eleitoral-oficioso-governadora-de-luanda-constata-processo-nos-buap-de-viana","status":"publish","type":"post","link":"https:\/\/rna.ao\/rna.ao\/2022\/03\/12\/registo-eleitoral-oficioso-governadora-de-luanda-constata-processo-nos-buap-de-viana\/","title":{"rendered":"Registo Eleitoral Oficioso: Governadora de Luanda constata processo nos BUAP de Viana"},"content":{"rendered":"<p><img loading=\"lazy\" class=\"size-full wp-image-17738 alignleft\" src=\"https:\/\/rna.ao\/rna.ao\/wp-content\/uploads\/2021\/02\/Ana-Paula-Carvalho.jpg\" alt=\"\" width=\"278\" height=\"186\" \/>A Governadora da Prov\u00edncia de Luanda, Ana Paula de Carvalho, efectua hoje, s\u00e1bado, 12 de Mar\u00e7o, uma extensa jornada de campo no Munic\u00edpio de Viana, onde vai aferir o funcionamento dos Balc\u00f5es \u00danicos de Atendimento ao P\u00fablico (BUAP).<\/p>\n<p>Com in\u00edcio no BUAP da Administra\u00e7\u00e3o Municipal de Viana, a jornada de campo da Governadora segue, depois, para os Balc\u00f5es da Vila sede, Kikuxi e Ba\u00eda.<\/p>\n<p>De referir que, na capital do pa\u00eds, os cidad\u00e3os t\u00eam aderido aos BUAP de forma significativa, para efetuar a actualiza\u00e7\u00e3o e o registo eleitoral oficioso, numa altura em que faltam apenas 19 dias para o fim do mesmo.<\/p>\n","protected":false},"excerpt":{"rendered":"<p>A Governadora da Prov\u00edncia de Luanda, Ana Paula de Carvalho, efectua hoje, s\u00e1bado, 12 de Mar\u00e7o, uma extensa jornada de campo no Munic\u00edpio de Viana, onde vai aferir o funcionamento dos Balc\u00f5es \u00danicos de Atendimento ao P\u00fablico (BUAP). Com in\u00edcio no BUAP da Administra\u00e7\u00e3o Municipal de Viana, a jornada de ...<\/p>\n","protected":false},"author":8,"featured_media":17738,"comment_status":"closed","ping_status":"closed","sticky":false,"template":"","format":"standard","meta":[],"categories":[141,133,164,163],"tags":[],"_links":{"self":[{"href":"https:\/\/rna.ao\/rna.ao\/wp-json\/wp\/v2\/posts\/55098"}],"collection":[{"href":"https:\/\/rna.ao\/rna.ao\/wp-json\/wp\/v2\/posts"}],"about":[{"href":"https:\/\/rna.ao\/rna.ao\/wp-json\/wp\/v2\/types\/post"}],"author":[{"embeddable":true,"href":"https:\/\/rna.ao\/rna.ao\/wp-json\/wp\/v2\/users\/8"}],"replies":[{"embeddable":true,"href":"https:\/\/rna.ao\/rna.ao\/wp-json\/wp\/v2\/comments?post=55098"}],"version-history":[{"count":1,"href":"https:\/\/rna.ao\/rna.ao\/wp-json\/wp\/v2\/posts\/55098\/revisions"}],"predecessor-version":[{"id":55099,"href":"https:\/\/rna.ao\/rna.ao\/wp-json\/wp\/v2\/posts\/55098\/revisions\/55099"}],"wp:featuredmedia":[{"embeddable":true,"href":"https:\/\/rna.ao\/rna.ao\/wp-json\/wp\/v2\/media\/17738"}],"wp:attachment":[{"href":"https:\/\/rna.ao\/rna.ao\/wp-json\/wp\/v2\/media?parent=55098"}],"wp:term":[{"taxonomy":"category","embeddable":true,"href":"https:\/\/rna.ao\/rna.ao\/wp-json\/wp\/v2\/categories?post=55098"},{"taxonomy":"post_tag","embeddable":true,"href":"https:\/\/rna.ao\/rna.ao\/wp-json\/wp\/v2\/tags?post=55098"}],"curies":[{"name":"wp","href":"https:\/\/api.w.org\/{rel}","templated":true}]}}