{"id":54275,"date":"2022-03-04T05:38:41","date_gmt":"2022-03-04T04:38:41","guid":{"rendered":"https:\/\/rna.ao\/rna.ao\/?p=54275"},"modified":"2022-03-04T06:35:00","modified_gmt":"2022-03-04T05:35:00","slug":"atletismo-adaptado-taca-sayovo-arranca-neste-sabado-05-na-capital-do-pais","status":"publish","type":"post","link":"https:\/\/rna.ao\/rna.ao\/2022\/03\/04\/atletismo-adaptado-taca-sayovo-arranca-neste-sabado-05-na-capital-do-pais\/","title":{"rendered":"Atletismo adaptado: Ta\u00e7a Sayovo arranca neste s\u00e1bado (05) na capital do pa\u00eds"},"content":{"rendered":"<p style=\"font-weight: 400;\"><img loading=\"lazy\" class=\"size-full wp-image-34956 alignleft\" src=\"https:\/\/rna.ao\/rna.ao\/wp-content\/uploads\/2021\/08\/atletismo_adaptado-2.jpg\" alt=\"\" width=\"312\" height=\"208\" \/>A Ta\u00e7a Sayovo, em atletismo adaptado, finalmente vai \u00e0s pistas. A prova est\u00e1 marcada para este s\u00e1bado, dia 5 de mar\u00e7o, depois do for\u00e7ado adiamento. Jose Armando Sayovo, antigo recordista mundial e campe\u00e3o paral\u00edmpico, espera por uma prova bem disputada. Clique no \u00e1udio e ou\u00e7a:<\/p>\n\t<div class=\"qtmplayer-playlist-large\">\n\t\t<ul class=\"qtmplayer-playlist\">\n\t\t\t\n\t\t\t\t\t<li class=\"qtmplayer-trackitem\">\n\t\t<img src=\"https:\/\/rna.ao\/rna.ao\/wp-content\/uploads\/2021\/08\/atletismo_adaptado-100x100.jpg\" alt=\"cover\">\t\t<span \t\t\tdata-qtmplayer-cover=\"https:\/\/rna.ao\/rna.ao\/wp-content\/uploads\/2021\/08\/atletismo_adaptado.jpg\"\n\t\t\t\t\t\tdata-qtmplayer-file=\"https:\/\/rna.ao\/rna.ao\/wp-content\/uploads\/2022\/03\/P-A-2-JOSE-SAYOVO-04-03-22.mp3\"\n\t\t\t\t\t\tdata-qtmplayer-title=\"Atletismo adaptado: Ta\u00e7a Sayovo arranca neste s\u00e1bado (05) na capital do pa\u00eds\"\n\t\t\t\t\t\tdata-qtmplayer-artist=\"RNA\"\n\t\t\t\t\t\tdata-qtmplayer-link=\"https:\/\/rna.ao\/rna.ao\/2022\/03\/04\/atletismo-adaptado-taca-sayovo-arranca-neste-sabado-05-na-capital-do-pais\/\"\n\t\t\t\t\t\tdata-qtmplayer-icon=\"file_download\"\n\t\t\t\t\t\tdata-qtmplayer-type=\"track\"\n\t\t\t class=\"qtmplayer-play qtmplayer-link-sec qtmplayer-play-btn\"><i class='material-icons'>play_arrow<\/i><\/span>\n\t\t<p>\n\t\t\t<span class=\"qtmplayer-tit\">Atletismo adaptado: Ta\u00e7a Sayovo arranca neste s\u00e1bado (05) na capital do pa\u00eds<\/span>\n\t\t\t<span class=\"qtmplayer-art\">RNA<\/span>\n\t\t<\/p>\n\t<\/li>\n\t\t<\/ul>\n\t<\/div>\t\t\t\n\t\n<p style=\"font-weight: 400;\">E por parte do Comit\u00e9 Paral\u00edmpico Angolano, tudo est\u00e1 sob carris para esta grande prova, como faz saber o vogal de direc\u00e7\u00e3o Ant\u00f3nio da Luz. Clique no \u00e1udio e ou\u00e7a:<\/p>\n\t<div class=\"qtmplayer-playlist-large\">\n\t\t<ul class=\"qtmplayer-playlist\">\n\t\t\t\n\t\t\t\t\t<li class=\"qtmplayer-trackitem\">\n\t\t<img src=\"https:\/\/rna.ao\/rna.ao\/wp-content\/uploads\/2021\/08\/atletismo_adaptado-100x100.jpg\" alt=\"cover\">\t\t<span \t\t\tdata-qtmplayer-cover=\"https:\/\/rna.ao\/rna.ao\/wp-content\/uploads\/2021\/08\/atletismo_adaptado.jpg\"\n\t\t\t\t\t\tdata-qtmplayer-file=\"https:\/\/rna.ao\/rna.ao\/wp-content\/uploads\/2022\/03\/P-A-3-ANTONIO-DA-LUZ-04-03-22.mp3\"\n\t\t\t\t\t\tdata-qtmplayer-title=\"Atletismo adaptado: Ta\u00e7a Sayovo arranca neste s\u00e1bado (05) na capital do pa\u00eds\"\n\t\t\t\t\t\tdata-qtmplayer-artist=\"RNA\"\n\t\t\t\t\t\tdata-qtmplayer-link=\"https:\/\/rna.ao\/rna.ao\/2022\/03\/04\/atletismo-adaptado-taca-sayovo-arranca-neste-sabado-05-na-capital-do-pais\/\"\n\t\t\t\t\t\tdata-qtmplayer-icon=\"file_download\"\n\t\t\t\t\t\tdata-qtmplayer-type=\"track\"\n\t\t\t class=\"qtmplayer-play qtmplayer-link-sec qtmplayer-play-btn\"><i class='material-icons'>play_arrow<\/i><\/span>\n\t\t<p>\n\t\t\t<span class=\"qtmplayer-tit\">Atletismo adaptado: Ta\u00e7a Sayovo arranca neste s\u00e1bado (05) na capital do pa\u00eds<\/span>\n\t\t\t<span class=\"qtmplayer-art\">RNA<\/span>\n\t\t<\/p>\n\t<\/li>\n\t\t<\/ul>\n\t<\/div>\t\t\t\n\t\n<p style=\"font-weight: 400;\"><strong><br \/>\n<\/strong>Fonte: R\u00e1dio 5\/RNA<\/p>\n","protected":false},"excerpt":{"rendered":"<p>A Ta\u00e7a Sayovo, em atletismo adaptado, finalmente vai \u00e0s pistas. A prova est\u00e1 marcada para este s\u00e1bado, dia 5 de mar\u00e7o, depois do for\u00e7ado adiamento. Jose Armando Sayovo, antigo recordista mundial e campe\u00e3o paral\u00edmpico, espera por uma prova bem disputada. Clique no \u00e1udio e ou\u00e7a: E por parte do Comit\u00e9 ...<\/p>\n","protected":false},"author":8,"featured_media":33756,"comment_status":"closed","ping_status":"closed","sticky":false,"template":"","format":"standard","meta":[],"categories":[145,125,164],"tags":[],"_links":{"self":[{"href":"https:\/\/rna.ao\/rna.ao\/wp-json\/wp\/v2\/posts\/54275"}],"collection":[{"href":"https:\/\/rna.ao\/rna.ao\/wp-json\/wp\/v2\/posts"}],"about":[{"href":"https:\/\/rna.ao\/rna.ao\/wp-json\/wp\/v2\/types\/post"}],"author":[{"embeddable":true,"href":"https:\/\/rna.ao\/rna.ao\/wp-json\/wp\/v2\/users\/8"}],"replies":[{"embeddable":true,"href":"https:\/\/rna.ao\/rna.ao\/wp-json\/wp\/v2\/comments?post=54275"}],"version-history":[{"count":2,"href":"https:\/\/rna.ao\/rna.ao\/wp-json\/wp\/v2\/posts\/54275\/revisions"}],"predecessor-version":[{"id":54286,"href":"https:\/\/rna.ao\/rna.ao\/wp-json\/wp\/v2\/posts\/54275\/revisions\/54286"}],"wp:featuredmedia":[{"embeddable":true,"href":"https:\/\/rna.ao\/rna.ao\/wp-json\/wp\/v2\/media\/33756"}],"wp:attachment":[{"href":"https:\/\/rna.ao\/rna.ao\/wp-json\/wp\/v2\/media?parent=54275"}],"wp:term":[{"taxonomy":"category","embeddable":true,"href":"https:\/\/rna.ao\/rna.ao\/wp-json\/wp\/v2\/categories?post=54275"},{"taxonomy":"post_tag","embeddable":true,"href":"https:\/\/rna.ao\/rna.ao\/wp-json\/wp\/v2\/tags?post=54275"}],"curies":[{"name":"wp","href":"https:\/\/api.w.org\/{rel}","templated":true}]}}