{"id":54116,"date":"2022-03-03T11:42:10","date_gmt":"2022-03-03T10:42:10","guid":{"rendered":"https:\/\/rna.ao\/rna.ao\/?p=54116"},"modified":"2022-03-03T12:31:50","modified_gmt":"2022-03-03T11:31:50","slug":"vendedores-do-mercado-do-sao-paulo-tem-ate-o-dia-11-para-deixarem-o-mercado","status":"publish","type":"post","link":"https:\/\/rna.ao\/rna.ao\/2022\/03\/03\/vendedores-do-mercado-do-sao-paulo-tem-ate-o-dia-11-para-deixarem-o-mercado\/","title":{"rendered":"Vendedores do mercado do S\u00e3o Paulo t\u00eam at\u00e9 o dia 11 para deixarem o mercado"},"content":{"rendered":"<p><img loading=\"lazy\" class=\"size-full wp-image-54118 aligncenter\" src=\"https:\/\/rna.ao\/rna.ao\/wp-content\/uploads\/2022\/03\/VENDA-AMBULANTE.jpg\" alt=\"\" width=\"750\" height=\"500\" \/>A Comiss\u00e3o Administrativa de Luanda e os vendedores do mercado de S\u00e3o Paulo, reuniram ontem, 2 de Mar\u00e7o, para juntos chegarem \u00e0 uma melhor decis\u00e3o que favorecesse os dois lados. Nesta senda, a Comiss\u00e3o Administrativa de Luanda, decidiu dar uma morat\u00f3ria, e encerrar o mercado apenas no dia 11. Recordamos que o mercado vai ser encerrado temporariamente para obras de melhoramento. Clique, no \u00e1udio abaixo, e ou\u00e7a:<\/p>\n\t<div class=\"qtmplayer-playlist-large\">\n\t\t<ul class=\"qtmplayer-playlist\">\n\t\t\t\n\t\t\t\t\t<li class=\"qtmplayer-trackitem\">\n\t\t<img src=\"https:\/\/rna.ao\/rna.ao\/wp-content\/uploads\/2022\/03\/34de560887e9b0b7dd821a365aa19fd0-100x100.jpg\" alt=\"cover\">\t\t<span \t\t\tdata-qtmplayer-cover=\"https:\/\/rna.ao\/rna.ao\/wp-content\/uploads\/2022\/03\/34de560887e9b0b7dd821a365aa19fd0-370x370.jpg\"\n\t\t\t\t\t\tdata-qtmplayer-file=\"https:\/\/rna.ao\/rna.ao\/wp-content\/uploads\/2022\/03\/ANTONIA-NELUMBA-OBRAS-MERCADO-1.mp3\"\n\t\t\t\t\t\tdata-qtmplayer-title=\"Vendedores do mercado do S\u00e3o Paulo t\u00eam at\u00e9 o dia 11 para deixarem o mercado\"\n\t\t\t\t\t\tdata-qtmplayer-artist=\"RNA\"\n\t\t\t\t\t\tdata-qtmplayer-link=\"https:\/\/rna.ao\/rna.ao\/2022\/03\/03\/vendedores-do-mercado-do-sao-paulo-tem-ate-o-dia-11-para-deixarem-o-mercado\/\"\n\t\t\t\t\t\tdata-qtmplayer-icon=\"file_download\"\n\t\t\t\t\t\tdata-qtmplayer-type=\"track\"\n\t\t\t class=\"qtmplayer-play qtmplayer-link-sec qtmplayer-play-btn\"><i class='material-icons'>play_arrow<\/i><\/span>\n\t\t<p>\n\t\t\t<span class=\"qtmplayer-tit\">Vendedores do mercado do S\u00e3o Paulo t\u00eam at\u00e9 o dia 11 para deixarem o mercado<\/span>\n\t\t\t<span class=\"qtmplayer-art\">RNA<\/span>\n\t\t<\/p>\n\t<\/li>\n\t\t<\/ul>\n\t<\/div>\t\t\t\n\t\n","protected":false},"excerpt":{"rendered":"<p>A Comiss\u00e3o Administrativa de Luanda e os vendedores do mercado de S\u00e3o Paulo, reuniram ontem, 2 de Mar\u00e7o, para juntos chegarem \u00e0 uma melhor decis\u00e3o que favorecesse os dois lados. Nesta senda, a Comiss\u00e3o Administrativa de Luanda, decidiu dar uma morat\u00f3ria, e encerrar o mercado apenas no dia 11. Recordamos ...<\/p>\n","protected":false},"author":8,"featured_media":54119,"comment_status":"closed","ping_status":"closed","sticky":false,"template":"","format":"standard","meta":[],"categories":[141,133],"tags":[],"_links":{"self":[{"href":"https:\/\/rna.ao\/rna.ao\/wp-json\/wp\/v2\/posts\/54116"}],"collection":[{"href":"https:\/\/rna.ao\/rna.ao\/wp-json\/wp\/v2\/posts"}],"about":[{"href":"https:\/\/rna.ao\/rna.ao\/wp-json\/wp\/v2\/types\/post"}],"author":[{"embeddable":true,"href":"https:\/\/rna.ao\/rna.ao\/wp-json\/wp\/v2\/users\/8"}],"replies":[{"embeddable":true,"href":"https:\/\/rna.ao\/rna.ao\/wp-json\/wp\/v2\/comments?post=54116"}],"version-history":[{"count":3,"href":"https:\/\/rna.ao\/rna.ao\/wp-json\/wp\/v2\/posts\/54116\/revisions"}],"predecessor-version":[{"id":54143,"href":"https:\/\/rna.ao\/rna.ao\/wp-json\/wp\/v2\/posts\/54116\/revisions\/54143"}],"wp:featuredmedia":[{"embeddable":true,"href":"https:\/\/rna.ao\/rna.ao\/wp-json\/wp\/v2\/media\/54119"}],"wp:attachment":[{"href":"https:\/\/rna.ao\/rna.ao\/wp-json\/wp\/v2\/media?parent=54116"}],"wp:term":[{"taxonomy":"category","embeddable":true,"href":"https:\/\/rna.ao\/rna.ao\/wp-json\/wp\/v2\/categories?post=54116"},{"taxonomy":"post_tag","embeddable":true,"href":"https:\/\/rna.ao\/rna.ao\/wp-json\/wp\/v2\/tags?post=54116"}],"curies":[{"name":"wp","href":"https:\/\/api.w.org\/{rel}","templated":true}]}}