{"id":49793,"date":"2022-01-24T05:51:44","date_gmt":"2022-01-24T04:51:44","guid":{"rendered":"https:\/\/rna.ao\/rna.ao\/?p=49793"},"modified":"2022-01-24T06:43:33","modified_gmt":"2022-01-24T05:43:33","slug":"minjud-lanca-movimento-para-implementacao-no-pais-special-olympics","status":"publish","type":"post","link":"https:\/\/rna.ao\/rna.ao\/2022\/01\/24\/minjud-lanca-movimento-para-implementacao-no-pais-special-olympics\/","title":{"rendered":"MINJUD lan\u00e7a movimento para implementa\u00e7\u00e3o no pa\u00eds Special Olympics"},"content":{"rendered":"<p><img loading=\"lazy\" class=\"size-medium wp-image-49798 aligncenter\" src=\"https:\/\/rna.ao\/rna.ao\/wp-content\/uploads\/2022\/01\/20220123_134916-770x415.jpg\" alt=\"\" width=\"770\" height=\"415\" srcset=\"https:\/\/rna.ao\/rna.ao\/wp-content\/uploads\/2022\/01\/20220123_134916-770x415.jpg 770w, https:\/\/rna.ao\/rna.ao\/wp-content\/uploads\/2022\/01\/20220123_134916-768x414.jpg 768w, https:\/\/rna.ao\/rna.ao\/wp-content\/uploads\/2022\/01\/20220123_134916.jpg 942w\" sizes=\"(max-width: 770px) 100vw, 770px\" \/>O Minist\u00e9rio da Juventude e Desportos (MINJUD) promoveu no domingo, 23\/01, o movimento que culminar\u00e1 com a implementa\u00e7\u00e3o, no nosso pa\u00eds, do &#8220;Special Olympicis&#8221;. O acto, inserido nas celebra\u00e7\u00f5es do Dia Nacional do Desporto, 23 de Janeiro, contou com a presen\u00e7a das Ministras da Juventude e Desportos, Sa\u00fade, Fam\u00edlia Ac\u00e7\u00e3o Social e Promo\u00e7\u00e3o da Mulher. Clique, no \u00e1udio abaixo, e saiba mais com o rep\u00f3rter Sodr\u00e9 da N\u00f3brega:<\/p>\n\t<div class=\"qtmplayer-playlist-large\">\n\t\t<ul class=\"qtmplayer-playlist\">\n\t\t\t\n\t\t\t\t\t<li class=\"qtmplayer-trackitem\">\n\t\t<img src=\"https:\/\/rna.ao\/rna.ao\/wp-content\/uploads\/2022\/01\/20220123_134916-1-100x100.jpg\" alt=\"cover\">\t\t<span \t\t\tdata-qtmplayer-cover=\"https:\/\/rna.ao\/rna.ao\/wp-content\/uploads\/2022\/01\/20220123_134916-1.jpg\"\n\t\t\t\t\t\tdata-qtmplayer-file=\"https:\/\/rna.ao\/rna.ao\/wp-content\/uploads\/2022\/01\/SODRE-DA-NOBREGA-23-01-22.mp3\"\n\t\t\t\t\t\tdata-qtmplayer-title=\"MINJUD lan\u00e7a movimento para implementa\u00e7\u00e3o no pa\u00eds Special Olympics\"\n\t\t\t\t\t\tdata-qtmplayer-artist=\"RNA\"\n\t\t\t\t\t\tdata-qtmplayer-link=\"https:\/\/rna.ao\/rna.ao\/2022\/01\/24\/minjud-lanca-movimento-para-implementacao-no-pais-special-olympics\/\"\n\t\t\t\t\t\tdata-qtmplayer-icon=\"file_download\"\n\t\t\t\t\t\tdata-qtmplayer-type=\"track\"\n\t\t\t class=\"qtmplayer-play qtmplayer-link-sec qtmplayer-play-btn\"><i class='material-icons'>play_arrow<\/i><\/span>\n\t\t<p>\n\t\t\t<span class=\"qtmplayer-tit\">MINJUD lan\u00e7a movimento para implementa\u00e7\u00e3o no pa\u00eds Special Olympics<\/span>\n\t\t\t<span class=\"qtmplayer-art\">RNA<\/span>\n\t\t<\/p>\n\t<\/li>\n\t\t<\/ul>\n\t<\/div>\t\t\t\n\t\n<p>Fonte: R\u00e1dio 5\/RNA<\/p>\n","protected":false},"excerpt":{"rendered":"<p>O Minist\u00e9rio da Juventude e Desportos (MINJUD) promoveu no domingo, 23\/01, o movimento que culminar\u00e1 com a implementa\u00e7\u00e3o, no nosso pa\u00eds, do &#8220;Special Olympicis&#8221;. O acto, inserido nas celebra\u00e7\u00f5es do Dia Nacional do Desporto, 23 de Janeiro, contou com a presen\u00e7a das Ministras da Juventude e Desportos, Sa\u00fade, Fam\u00edlia Ac\u00e7\u00e3o ...<\/p>\n","protected":false},"author":8,"featured_media":49799,"comment_status":"closed","ping_status":"closed","sticky":false,"template":"","format":"standard","meta":[],"categories":[145,125,164],"tags":[],"_links":{"self":[{"href":"https:\/\/rna.ao\/rna.ao\/wp-json\/wp\/v2\/posts\/49793"}],"collection":[{"href":"https:\/\/rna.ao\/rna.ao\/wp-json\/wp\/v2\/posts"}],"about":[{"href":"https:\/\/rna.ao\/rna.ao\/wp-json\/wp\/v2\/types\/post"}],"author":[{"embeddable":true,"href":"https:\/\/rna.ao\/rna.ao\/wp-json\/wp\/v2\/users\/8"}],"replies":[{"embeddable":true,"href":"https:\/\/rna.ao\/rna.ao\/wp-json\/wp\/v2\/comments?post=49793"}],"version-history":[{"count":1,"href":"https:\/\/rna.ao\/rna.ao\/wp-json\/wp\/v2\/posts\/49793\/revisions"}],"predecessor-version":[{"id":49800,"href":"https:\/\/rna.ao\/rna.ao\/wp-json\/wp\/v2\/posts\/49793\/revisions\/49800"}],"wp:featuredmedia":[{"embeddable":true,"href":"https:\/\/rna.ao\/rna.ao\/wp-json\/wp\/v2\/media\/49799"}],"wp:attachment":[{"href":"https:\/\/rna.ao\/rna.ao\/wp-json\/wp\/v2\/media?parent=49793"}],"wp:term":[{"taxonomy":"category","embeddable":true,"href":"https:\/\/rna.ao\/rna.ao\/wp-json\/wp\/v2\/categories?post=49793"},{"taxonomy":"post_tag","embeddable":true,"href":"https:\/\/rna.ao\/rna.ao\/wp-json\/wp\/v2\/tags?post=49793"}],"curies":[{"name":"wp","href":"https:\/\/api.w.org\/{rel}","templated":true}]}}