{"id":49792,"date":"2022-01-24T05:52:51","date_gmt":"2022-01-24T04:52:51","guid":{"rendered":"https:\/\/rna.ao\/rna.ao\/?p=49792"},"modified":"2022-01-24T06:35:21","modified_gmt":"2022-01-24T05:35:21","slug":"can-dos-camaroes-burkina-faso-precisou-de-penalties-para-garantir-o-passe-aos-quartos-de-final","status":"publish","type":"post","link":"https:\/\/rna.ao\/rna.ao\/2022\/01\/24\/can-dos-camaroes-burkina-faso-precisou-de-penalties-para-garantir-o-passe-aos-quartos-de-final\/","title":{"rendered":"CAN dos Camar\u00f5es: Burkina Faso precisou de penalties para garantir o passe aos quartos de final"},"content":{"rendered":"<p><img loading=\"lazy\" class=\"size-full wp-image-48263 alignleft\" src=\"https:\/\/rna.ao\/rna.ao\/wp-content\/uploads\/2022\/01\/Bola-na-relva.jpg\" alt=\"\" width=\"275\" height=\"183\" \/>O Burkina Faso precisou de ir at\u00e9 a marca\u00e7\u00e3o de pontap\u00e9s de pen\u00e1lti, para garantir o primeiro passo para os quartos de final. O Burkina Faso venceu no domingo, 23\/01, por (7 &#8211; 6), o Gab\u00e3o, depois da r\u00edgida igualdade a um golo, nos noventa minutos regulamentares. Ou\u00e7a, no \u00e1udio abaixo, o jornalista Alves da Silva com dados adicionais:<\/p>\n\t<div class=\"qtmplayer-playlist-large\">\n\t\t<ul class=\"qtmplayer-playlist\">\n\t\t\t\n\t\t\t\t\t<li class=\"qtmplayer-trackitem\">\n\t\t<img src=\"https:\/\/rna.ao\/rna.ao\/wp-content\/uploads\/2022\/01\/Bola-na-relva-100x100.jpg\" alt=\"cover\">\t\t<span \t\t\tdata-qtmplayer-cover=\"https:\/\/rna.ao\/rna.ao\/wp-content\/uploads\/2022\/01\/Bola-na-relva.jpg\"\n\t\t\t\t\t\tdata-qtmplayer-file=\"https:\/\/rna.ao\/rna.ao\/wp-content\/uploads\/2022\/01\/ALVES-DA-SILVA-BURKINA-FASO.mp3\"\n\t\t\t\t\t\tdata-qtmplayer-title=\"CAN dos Camar\u00f5es: Burkina Faso precisou de penalties para garantir o passe aos quartos de final\"\n\t\t\t\t\t\tdata-qtmplayer-artist=\"RNA\"\n\t\t\t\t\t\tdata-qtmplayer-link=\"https:\/\/rna.ao\/rna.ao\/2022\/01\/24\/can-dos-camaroes-burkina-faso-precisou-de-penalties-para-garantir-o-passe-aos-quartos-de-final\/\"\n\t\t\t\t\t\tdata-qtmplayer-icon=\"file_download\"\n\t\t\t\t\t\tdata-qtmplayer-type=\"track\"\n\t\t\t class=\"qtmplayer-play qtmplayer-link-sec qtmplayer-play-btn\"><i class='material-icons'>play_arrow<\/i><\/span>\n\t\t<p>\n\t\t\t<span class=\"qtmplayer-tit\">CAN dos Camar\u00f5es: Burkina Faso precisou de penalties para garantir o passe aos quartos de final<\/span>\n\t\t\t<span class=\"qtmplayer-art\">RNA<\/span>\n\t\t<\/p>\n\t<\/li>\n\t\t<\/ul>\n\t<\/div>\t\t\t\n\t\n<p>Fonte: R\u00e1dio 5\/RNA<\/p>\n","protected":false},"excerpt":{"rendered":"<p>O Burkina Faso precisou de ir at\u00e9 a marca\u00e7\u00e3o de pontap\u00e9s de pen\u00e1lti, para garantir o primeiro passo para os quartos de final. O Burkina Faso venceu no domingo, 23\/01, por (7 &#8211; 6), o Gab\u00e3o, depois da r\u00edgida igualdade a um golo, nos noventa minutos regulamentares. Ou\u00e7a, no \u00e1udio ...<\/p>\n","protected":false},"author":8,"featured_media":48263,"comment_status":"closed","ping_status":"closed","sticky":false,"template":"","format":"standard","meta":[],"categories":[145,125,164],"tags":[],"_links":{"self":[{"href":"https:\/\/rna.ao\/rna.ao\/wp-json\/wp\/v2\/posts\/49792"}],"collection":[{"href":"https:\/\/rna.ao\/rna.ao\/wp-json\/wp\/v2\/posts"}],"about":[{"href":"https:\/\/rna.ao\/rna.ao\/wp-json\/wp\/v2\/types\/post"}],"author":[{"embeddable":true,"href":"https:\/\/rna.ao\/rna.ao\/wp-json\/wp\/v2\/users\/8"}],"replies":[{"embeddable":true,"href":"https:\/\/rna.ao\/rna.ao\/wp-json\/wp\/v2\/comments?post=49792"}],"version-history":[{"count":1,"href":"https:\/\/rna.ao\/rna.ao\/wp-json\/wp\/v2\/posts\/49792\/revisions"}],"predecessor-version":[{"id":49796,"href":"https:\/\/rna.ao\/rna.ao\/wp-json\/wp\/v2\/posts\/49792\/revisions\/49796"}],"wp:featuredmedia":[{"embeddable":true,"href":"https:\/\/rna.ao\/rna.ao\/wp-json\/wp\/v2\/media\/48263"}],"wp:attachment":[{"href":"https:\/\/rna.ao\/rna.ao\/wp-json\/wp\/v2\/media?parent=49792"}],"wp:term":[{"taxonomy":"category","embeddable":true,"href":"https:\/\/rna.ao\/rna.ao\/wp-json\/wp\/v2\/categories?post=49792"},{"taxonomy":"post_tag","embeddable":true,"href":"https:\/\/rna.ao\/rna.ao\/wp-json\/wp\/v2\/tags?post=49792"}],"curies":[{"name":"wp","href":"https:\/\/api.w.org\/{rel}","templated":true}]}}